{"id":582,"date":"2013-08-23T09:28:12","date_gmt":"2013-08-23T12:28:12","guid":{"rendered":"http:\/\/www.entelco.com.br\/blog\/?p=582"},"modified":"2013-08-23T09:36:54","modified_gmt":"2013-08-23T12:36:54","slug":"tecnologia-lte-pode-gerar-interferencias","status":"publish","type":"post","link":"https:\/\/www.entelco.com.br\/blog\/tecnologia-lte-pode-gerar-interferencias\/","title":{"rendered":"Tecnologia  LTE pode gerar interfer\u00eancias ?"},"content":{"rendered":"<div id=\"dslc-theme-content\"><div id=\"dslc-theme-content-inner\"><p><a href=\"http:\/\/www.entelco.com.br\/blog\/wp-content\/uploads\/2013\/08\/4g_LTEe.png\"><img decoding=\"async\" loading=\"lazy\" class=\"alignleft  wp-image-595\" title=\"4g_LTEe\" src=\"http:\/\/www.entelco.com.br\/blog\/wp-content\/uploads\/2013\/08\/4g_LTEe.png\" alt=\"\" width=\"215\" height=\"96\" srcset=\"https:\/\/www.entelco.com.br\/blog\/wp-content\/uploads\/2013\/08\/4g_LTEe.png 359w, https:\/\/www.entelco.com.br\/blog\/wp-content\/uploads\/2013\/08\/4g_LTEe-300x133.png 300w\" sizes=\"(max-width: 215px) 100vw, 215px\" \/><\/a>Em um painel do Congresso da SET na manh\u00e3 desta quarta, 21\/08, teve em sua pauta a conviv\u00eancia tranquila entre o broadcast e a banda larga m\u00f3vel.<br \/>\nAs poss\u00edveis interfer\u00eancias do sinal de LTE 4G na TV digital aberta e vice-versa foram discutidas, e os leil\u00f5es de 4G previstos para 2014.<\/p>\n<p><span style=\"font-size: 13px; line-height: 19px;\">Testes feitos pela ag\u00eancia do CCOMGEX (Centro de Comunica\u00e7\u00e3o e Guerra Eletr\u00f4nica do Ex\u00e9rcito) com sete receptores recebendo os sinais de DTV e LTE, n\u00e3o apresentou problemas aparentes segundo o conselheiro da Anatel Jarbas Valente. Os testes, por\u00e9m, n\u00e3o s\u00e3o conclusivos, e outros ser\u00e3o realizados.<\/span><\/p>\n<p>A Universidade Mackenzie, mostrou os resultados dos testes feitos pela institui\u00e7\u00e3o, que tamb\u00e9m ser\u00e3o continuados, conforme Julio Omi, pesquisador da institui\u00e7\u00e3o. Um dos relatos, aponta, que o sinal de LTE est\u00e1 justamente na faixa (700 MHz) recebida pelos aparelhos de TV atuais (pois s\u00e3o as faixas ocupadas hoje pela TV anal\u00f3gica e que seriam desocupadas na transi\u00e7\u00e3o digital). Assim, mesmo ap\u00f3s a transi\u00e7\u00e3o, haveria um legado de receptores aptos a captar essa faixa, que ent\u00e3o seria ocupada n\u00e3o por sinais de TV, mas pela banda larga m\u00f3vel no Brasil.<\/p>\n<p>A venda de 15 milh\u00f5es de receptores ao ano at\u00e9 2018 \u00e9 levado em conta conforme a SET, mas na fase final do switch-off (desligamento do sinal anal\u00f3gico), haver\u00e1 153 milh\u00f5es de TVs instaladas no Pa\u00eds com esse legado conforme Aguinaldo Silva, da SET .<\/p>\n<p>Em pauta, Eduardo Levy, diretor-executivo do SindiTelebrasil, presente nesta data, representando as operadoras m\u00f3veis, disse que al\u00e9m de t\u00e9cnicos, os desafios s\u00e3o pol\u00edticos e emergentes.<\/p>\n<p>O CPqD foi contratado pelo sindicato para fazer testes de conviv\u00eancia entre os sistemas. Ele indaga que deve haver uma conviv\u00eancia harm\u00f4nica e prop\u00f5e que as entidades das teles e da radiodifus\u00e3o realizem testes conjuntamente.<\/p>\n<p>O objetivo \u00e9 &#8220;acalmar&#8221; os \u00e2nimos das emissoras, dizendo que &#8220;n\u00e3o h\u00e1 inten\u00e7\u00e3o do setor de telecom em acelerar qualquer coisa (referindo-se \u00e0 licita\u00e7\u00e3o das bandas) em detrimento da qualidade dos servi\u00e7os&#8221;.<\/p>\n<p>A tecnologia ainda apresenta uma grande inc\u00f3gnita \u00a0para muita gente, mas estes mist\u00e9rios est\u00e3o em fase de defini\u00e7\u00f5es, pois o apoio do governo \u00e9 importante neste momento.<\/p>\n<p>Por<\/p>\n<p>Reda\u00e7\u00e3o<\/p>\n<p>ENTELCO TELECOM<\/p>\n<p><span style=\"color: #c0c0c0;\">Fonte: Teletime<\/span><\/p>\n<\/div><\/div>","protected":false},"excerpt":{"rendered":"<p>Em um painel do Congresso da SET na manh\u00e3 desta quarta, 21\/08, teve em sua pauta a conviv\u00eancia tranquila entre o broadcast e a banda larga m\u00f3vel. As poss\u00edveis interfer\u00eancias do sinal de LTE 4G na TV digital aberta e vice-versa foram discutidas, e os leil\u00f5es de 4G previstos para 2014. Testes feitos pela ag\u00eancia [&hellip;]<\/p>\n","protected":false},"author":1,"featured_media":0,"comment_status":"open","ping_status":"open","sticky":false,"template":"","format":"standard","meta":[],"categories":[221],"tags":[214,216,220,222,223,224,248,218,219,215,217],"_links":{"self":[{"href":"https:\/\/www.entelco.com.br\/blog\/wp-json\/wp\/v2\/posts\/582"}],"collection":[{"href":"https:\/\/www.entelco.com.br\/blog\/wp-json\/wp\/v2\/posts"}],"about":[{"href":"https:\/\/www.entelco.com.br\/blog\/wp-json\/wp\/v2\/types\/post"}],"author":[{"embeddable":true,"href":"https:\/\/www.entelco.com.br\/blog\/wp-json\/wp\/v2\/users\/1"}],"replies":[{"embeddable":true,"href":"https:\/\/www.entelco.com.br\/blog\/wp-json\/wp\/v2\/comments?post=582"}],"version-history":[{"count":8,"href":"https:\/\/www.entelco.com.br\/blog\/wp-json\/wp\/v2\/posts\/582\/revisions"}],"predecessor-version":[{"id":594,"href":"https:\/\/www.entelco.com.br\/blog\/wp-json\/wp\/v2\/posts\/582\/revisions\/594"}],"wp:attachment":[{"href":"https:\/\/www.entelco.com.br\/blog\/wp-json\/wp\/v2\/media?parent=582"}],"wp:term":[{"taxonomy":"category","embeddable":true,"href":"https:\/\/www.entelco.com.br\/blog\/wp-json\/wp\/v2\/categories?post=582"},{"taxonomy":"post_tag","embeddable":true,"href":"https:\/\/www.entelco.com.br\/blog\/wp-json\/wp\/v2\/tags?post=582"}],"curies":[{"name":"wp","href":"https:\/\/api.w.org\/{rel}","templated":true}]}}