{"id":4610,"date":"2018-10-10T09:00:27","date_gmt":"2018-10-10T12:00:27","guid":{"rendered":"http:\/\/www.entelco.com.br\/blog\/?p=4610"},"modified":"2018-10-22T11:05:15","modified_gmt":"2018-10-22T14:05:15","slug":"e-book-ubiquiti-provedor-via-radio-gratis","status":"publish","type":"post","link":"https:\/\/www.entelco.com.br\/blog\/e-book-ubiquiti-provedor-via-radio-gratis\/","title":{"rendered":"e-Book Ubiquiti -&#8220;Provedor via R\u00e1dio&#8221;- Gr\u00e1tis"},"content":{"rendered":"<div id=\"dslc-theme-content\"><div id=\"dslc-theme-content-inner\"><h2>Neste\u00a0e-Book Ubiquiti voc\u00ea entender\u00e1 sobre radiofrequ\u00eancia.<\/h2>\n<p>Em telecomunica\u00e7\u00f5es, mais especificamente em propaga\u00e7\u00e3o de sinais de RF, podemos entender que os elementos de um r\u00e1dioenlace s\u00e3o &#8220;espalhados&#8221;, neste\u00a0e-book Ubiquiti, falo sobre os detalhes.<\/p>\n<p>Portanto, em todo o ambiente em que se est\u00e1 irradiando um sinal, principalmente em um Provedor, \u00e9 poss\u00edvel perceber as rea\u00e7\u00f5es.<\/p>\n<p>Assim, este sinal pode ser gerado pelo transmissor e propagado ao espectro atrav\u00e9s de uma ou mais antenas.<\/p>\n<p>Uma das primeiras regras sobre o fator entre a liga\u00e7\u00e3o de um ponto a outro no quesito irradia\u00e7\u00e3o de um enlace \u00e9 a diretividade da antena.<\/p>\n<p>Este t\u00f3pico, definimos que atrav\u00e9s de um feixe &#8220;ilumina-se&#8221; uma determinada \u00e1rea ou regi\u00e3o.<\/p>\n<p>No entanto, o feixe da antena deve estar livre de obst\u00e1culos, onde, em &#8220;seu caminho&#8221;, n\u00e3o tenham objetos, constru\u00e7\u00f5es ou qualquer outro tipo de barreira para o sinal.<\/p>\n<p>Tratando do feixe (l\u00f3bulo de irradia\u00e7\u00e3o) que recebe o sinal, por sua vez, deve ter uma refer\u00eancia que \u00e9 chamada de ru\u00eddo, mas ele deve existir.<\/p>\n<p>Neste caso, ent\u00e3o, n\u00e3o ter\u00edamos a sequ\u00eancia de transmiss\u00e3o, mas este ru\u00eddo precisa ter uma certa dist\u00e2ncia do sinal efetivamente recebido do transmissor inverso.<\/p>\n<p>E \u00e9 neste ponto, onde a maioria dos profissionais que projetam um enlace e n\u00e3o s\u00e3o especializados em RF, criam problemas ao seu pr\u00f3prio prop\u00f3sito.<\/p>\n<p>Aparentemente este assunto \u00e9 simples, mesmo aos &#8220;n\u00e3o engenheiros&#8221;, pois a impress\u00e3o que temos \u00e9 de apenas colocar um R\u00e1dio transmissor potente e uma antena &#8220;boa&#8221;.<\/p>\n<p>Neste ponto, muitos acreditam que o restante acontece por osmose, mas infelizmente isto n\u00e3o \u00e9 bem assim.<\/p>\n<div id=\"attachment_4616\" style=\"width: 639px\" class=\"wp-caption aligncenter\"><img aria-describedby=\"caption-attachment-4616\" decoding=\"async\" loading=\"lazy\" class=\" wp-image-4616\" src=\"http:\/\/www.entelco.com.br\/blog\/wp-content\/uploads\/2017\/06\/pag-4.png\" alt=\"e-book UBIQUITI\" width=\"629\" height=\"354\" srcset=\"https:\/\/www.entelco.com.br\/blog\/wp-content\/uploads\/2017\/06\/pag-4.png 981w, https:\/\/www.entelco.com.br\/blog\/wp-content\/uploads\/2017\/06\/pag-4-300x169.png 300w, https:\/\/www.entelco.com.br\/blog\/wp-content\/uploads\/2017\/06\/pag-4-768x432.png 768w, https:\/\/www.entelco.com.br\/blog\/wp-content\/uploads\/2017\/06\/pag-4-211x119.png 211w\" sizes=\"(max-width: 629px) 100vw, 629px\" \/><p id=\"caption-attachment-4616\" class=\"wp-caption-text\">e-book UBIQUITI<\/p><\/div>\n<p>&nbsp;<\/p>\n<h2><strong>O que \u00e9 necess\u00e1rio aprender sobre Radiofrequ\u00eancia?<\/strong><\/h2>\n<p>Preparamos um e-Book Ubiquiti para voc\u00ea.<\/p>\n<p>Neste e-Book Ubiquiti, vou ensinar um pouco sobre Sinais e Frequ\u00eancias.<\/p>\n<p>Onde portanto, ser\u00e1 poss\u00edvel ter uma no\u00e7\u00e3o bem maior sobre Propaga\u00e7\u00e3o.<\/p>\n<p>Veja neste material o que h\u00e1 de mais importante para iniciar ou ajustar seu Provedor via R\u00e1dio.<\/p>\n<h2>Como posso ter acesso a este e-Book Ubiquiti?<\/h2>\n<p>Em primeiro lugar, basta acessar ao link abaixo que voc\u00ea ter\u00e1 acesso a este material<\/p>\n<p>Obtenha aqui:<\/p>\n<p><a title=\"e-Book Ubiquiti\" href=\"https:\/\/www.entelco.com.br\/e-book-teoria-de-radiofrequencia\" target=\"_blank\" rel=\"noopener\">e-Book Ubiquiti &#8211; Teoria de R\u00e1diofrequ\u00eancia<\/a><\/p>\n<p>Entenda as diferen\u00e7as entre sinais e propaga\u00e7\u00e3o neste e-book gratuito.<\/p>\n<h2>Especializa\u00e7\u00e3o T\u00e9cnica para Provedores Ubiquiti<\/h2>\n<p>Para isto, aos que buscam conhecimento sobre o que deve ser feito e da forma correta, podem participar dos treinamentos:<\/p>\n<p><a title=\"Curso de radioenlace UBWA\" href=\"https:\/\/www.entelco.com.br\/ubiquiti-broadband-wireless-admin-ubwa-airmax\" target=\"_blank\" rel=\"noopener\">Curso de Radioenlace Ubiquiti<\/a>\u00a0UBWA &#8211; airMAX\u00a0(Oficial com certifica\u00e7\u00e3o)<\/p>\n<p>ou<\/p>\n<p><a title=\"Curso Total Provider Ubiquiti\" href=\"https:\/\/www.entelco.com.br\/ubiquiti-total-provider-on-line\" target=\"_blank\" rel=\"noopener\">Curso EaD Telepresencial sobre Planejamento UBIQUITI (ao vivo)<\/a><\/p>\n<p>Sendo assim, venha aprender da forma correta.<\/p>\n<p>Abra\u00e7os<\/p>\n<address>Rog\u00e9rio Barion<\/address>\n<address>ENTELCO TELECOM<\/address>\n<\/div><\/div>","protected":false},"excerpt":{"rendered":"<p>Neste\u00a0e-Book Ubiquiti voc\u00ea entender\u00e1 sobre radiofrequ\u00eancia. Em telecomunica\u00e7\u00f5es, mais especificamente em propaga\u00e7\u00e3o de sinais de RF, podemos entender que os elementos de um r\u00e1dioenlace s\u00e3o &#8220;espalhados&#8221;, neste\u00a0e-book Ubiquiti, falo sobre os detalhes. Portanto, em todo o ambiente em que se est\u00e1 irradiando um sinal, principalmente em um Provedor, \u00e9 poss\u00edvel perceber as rea\u00e7\u00f5es. Assim, este [&hellip;]<\/p>\n","protected":false},"author":1,"featured_media":0,"comment_status":"open","ping_status":"open","sticky":false,"template":"","format":"standard","meta":[],"categories":[563,29],"tags":[76,2225,2223,2222,2426,2427,2226,2227,2220,2224,773,2428,2221],"_links":{"self":[{"href":"https:\/\/www.entelco.com.br\/blog\/wp-json\/wp\/v2\/posts\/4610"}],"collection":[{"href":"https:\/\/www.entelco.com.br\/blog\/wp-json\/wp\/v2\/posts"}],"about":[{"href":"https:\/\/www.entelco.com.br\/blog\/wp-json\/wp\/v2\/types\/post"}],"author":[{"embeddable":true,"href":"https:\/\/www.entelco.com.br\/blog\/wp-json\/wp\/v2\/users\/1"}],"replies":[{"embeddable":true,"href":"https:\/\/www.entelco.com.br\/blog\/wp-json\/wp\/v2\/comments?post=4610"}],"version-history":[{"count":19,"href":"https:\/\/www.entelco.com.br\/blog\/wp-json\/wp\/v2\/posts\/4610\/revisions"}],"predecessor-version":[{"id":4618,"href":"https:\/\/www.entelco.com.br\/blog\/wp-json\/wp\/v2\/posts\/4610\/revisions\/4618"}],"wp:attachment":[{"href":"https:\/\/www.entelco.com.br\/blog\/wp-json\/wp\/v2\/media?parent=4610"}],"wp:term":[{"taxonomy":"category","embeddable":true,"href":"https:\/\/www.entelco.com.br\/blog\/wp-json\/wp\/v2\/categories?post=4610"},{"taxonomy":"post_tag","embeddable":true,"href":"https:\/\/www.entelco.com.br\/blog\/wp-json\/wp\/v2\/tags?post=4610"}],"curies":[{"name":"wp","href":"https:\/\/api.w.org\/{rel}","templated":true}]}}