{"id":1864,"date":"2015-02-04T17:02:37","date_gmt":"2015-02-04T20:02:37","guid":{"rendered":"http:\/\/www.entelco.com.br\/blog\/?p=1864"},"modified":"2015-02-04T17:04:26","modified_gmt":"2015-02-04T20:04:26","slug":"wi-fi-nas-ruas-de-sao-paulo-irao-dobrar-em-2015","status":"publish","type":"post","link":"https:\/\/www.entelco.com.br\/blog\/wi-fi-nas-ruas-de-sao-paulo-irao-dobrar-em-2015\/","title":{"rendered":"Wi-Fi nas ruas de S\u00e3o Paulo ir\u00e3o dobrar em 2015."},"content":{"rendered":"<div id=\"dslc-theme-content\"><div id=\"dslc-theme-content-inner\"><p><a href=\"http:\/\/www.entelco.com.br\/blog\/wp-content\/uploads\/2015\/02\/Wi-Fi-Livre-SP-ENTELCO.png\"><img decoding=\"async\" loading=\"lazy\" class=\"alignleft  wp-image-1865\" src=\"http:\/\/www.entelco.com.br\/blog\/wp-content\/uploads\/2015\/02\/Wi-Fi-Livre-SP-ENTELCO.png\" alt=\"Wi-Fi Livre SP - ENTELCO\" width=\"258\" height=\"127\" srcset=\"https:\/\/www.entelco.com.br\/blog\/wp-content\/uploads\/2015\/02\/Wi-Fi-Livre-SP-ENTELCO.png 586w, https:\/\/www.entelco.com.br\/blog\/wp-content\/uploads\/2015\/02\/Wi-Fi-Livre-SP-ENTELCO-300x147.png 300w\" sizes=\"(max-width: 258px) 100vw, 258px\" \/><\/a>Pelo menos mais tr\u00eas licita\u00e7\u00f5es em 2015 envolvendo o projeto de cidade inteligente, est\u00e3o sendo planejadas pela\u00a0Prefeitura de S\u00e3o Paulo, \u00a0segundo informou o secret\u00e1rio de Servi\u00e7os do munic\u00edpio, Sim\u00e3o Pedro, nesta ter\u00e7a-feira, 3, na Campus Party. Al\u00e9m de dar prosseguimento com o projeto de expans\u00e3o do programa Pra\u00e7as Digitais, a administra\u00e7\u00e3o quer tamb\u00e9m implantar ilumina\u00e7\u00e3o inteligente nas vias e ressuscitar os telecentros, agora com uma nova abordagem.<\/p>\n<p>Dever\u00e1 ter a meta duplicada para 240 unidades o projeto\u00a0Pra\u00e7as Digitais, apesar de ainda estar devendo 12 a serem entregues &#8211; est\u00e3o em funcionamento atualmente 108 pra\u00e7as, das 120 programadas para 2014. Assim, dever\u00e1 ter a segunda fase implantada neste ano, cobrindo ao menos cada um dos 96 distritos de S\u00e3o Paulo. &#8220;Esse ano nossa coordenadoria tem a inten\u00e7\u00e3o de abrir outro processo para financiamento de pra\u00e7as digitais para duplicar esse n\u00famero&#8221;, disse. &#8220;A ideia \u00e9 trazer o acesso \u00e0 Internet como servi\u00e7o p\u00fablico&#8221;.<\/p>\n<p>Os\u00a0novos telecentros ser\u00e3o chamados de Fab Lab (do ingl\u00eas &#8220;fabrication laboratory&#8221;), ou centros digitais que oferecem n\u00e3o apenas conectividade, mas tamb\u00e9m recursos como equipamentos e aux\u00edlio qualificado. A ideia \u00e9 implantar o conceito em 12 unidades at\u00e9 o final do ano, com uma simula\u00e7\u00e3o j\u00e1 na Campus Party. &#8220;A gente queria ter um telecentro do futuro, que oferecesses novos equipamentos e ferramentas, que pudesse ser suporte a pequenos empreendedores. \u00c9 um espa\u00e7o p\u00fablico para oferecer acesso \u00e0 Internet e a ferramentas modernas, como a impressora 3D, mas n\u00e3o s\u00f3 para jovens e estudantes, mas tamb\u00e9m ter um espa\u00e7o educativo, que a comunidade possa utilizar&#8221;. A prefeitura deve lan\u00e7ar o edital de licita\u00e7\u00e3o ainda nesta semana ou, &#8220;no mais tardar&#8221;, na pr\u00f3xima. &#8220;Vamos lan\u00e7ar edital, comprar equipamentos e investir muito em capacita\u00e7\u00e3o tamb\u00e9m.&#8221;<\/p>\n<p>A id\u00e9ia \u00e9 de atingir a periferia da capital paulista na primeira fase: a primeira unidade dever\u00e1 ser na Cidade Tiradentes, seguida de um Fab Lab no centro cultural da Freguesia do \u00d3, no Parque do J\u00f3quei (Butant\u00e3) e na antiga esta\u00e7\u00e3o de Itaquera. &#8220;Vamos ter no centro tamb\u00e9m, porque moram 20 mil pessoas l\u00e1, mas circulam 2,4 milh\u00f5es de pessoas&#8221;, afirma Sim\u00e3o Pedro.<\/p>\n<p>A prefeitura dever\u00e1 ainda promover um hackatoon (maratona de desenvolvimento) para aplicativos de servi\u00e7os p\u00fablicos para a cidade. &#8220;S\u00e3o Paulo \u00e9 uma cidade inteligente, mas ficou um pouco atr\u00e1s e queremos recuperar o tempo&#8221;, declarou Sim\u00e3o Pedro.<\/p>\n<p>A ENTELCO TELECOM oferece treinamento oficiais da linha UniFi e MikroTik, que podem ser aplicadas em provedores, universidades, escolas e qualquer outro estabelecimento que haja a necessidade de propaga\u00e7\u00e3o das redes Wireless Wi-Fi. A empresa conta com v\u00e1rios especialistas na \u00e1rea de Telecom e na linha UniFi, o engenheiro Rog\u00e9rio Barion e o especialista Edgar Yukio Ishibashi por serem instrutores oficiais da Ubiquiti Networks aqui no Brasil.<\/p>\n<p>As informa\u00e7\u00f5es da assessoria, consultoria e treinamento na linha Ubiquiti pela ENTELCO TELECOM, podem ser encontradas no site da empresa atrav\u00e9s do link\u00a0<a title=\"Curso Oficiais ENTELCO\" href=\"http:\/\/www.entelco.com.br\/cursos\/\" target=\"_blank\">http:\/\/www.entelco.com.br\/cursos\/<\/a>\u00a0 e para informa\u00e7\u00f5es sobre consultoria e\/ou assessoria, os interessados podem entrar em contato atrav\u00e9s do telefone (11) 3522-5544 ou pelo website\u00a0<a title=\"Website ENTELCO TELECOM\" href=\"http:\/\/www.entelco.com.br\/\" target=\"_blank\">http:\/\/www.entelco.com.br\/<\/a><\/p>\n<p>&nbsp;<\/p>\n<p>Por<\/p>\n<p>Reda\u00e7\u00e3o<\/p>\n<p>ENTELCO TELECOM<\/p>\n<p><span style=\"color: #c9c7c7;\">Fonte: Teletime<\/span><\/p>\n<p>&nbsp;<\/p>\n<\/div><\/div>","protected":false},"excerpt":{"rendered":"<p>Pelo menos mais tr\u00eas licita\u00e7\u00f5es em 2015 envolvendo o projeto de cidade inteligente, est\u00e3o sendo planejadas pela\u00a0Prefeitura de S\u00e3o Paulo, \u00a0segundo informou o secret\u00e1rio de Servi\u00e7os do munic\u00edpio, Sim\u00e3o Pedro, nesta ter\u00e7a-feira, 3, na Campus Party. Al\u00e9m de dar prosseguimento com o projeto de expans\u00e3o do programa Pra\u00e7as Digitais, a administra\u00e7\u00e3o quer tamb\u00e9m implantar ilumina\u00e7\u00e3o [&hellip;]<\/p>\n","protected":false},"author":1,"featured_media":0,"comment_status":"open","ping_status":"open","sticky":false,"template":"","format":"standard","meta":[],"categories":[3],"tags":[899,909,71,64,471,910,479,882,33,712,476,896,892,65,851,274,890,30,35,891,222,693,879,248,697,696,684,485,481,853,480,686,906,907,506,908,87,905,495,655,652,804,581,578,901,900,379,163,895,715,472,432,894,541,493,699,489,490,43,484,698,688,110,66,101,1863,74,100,728,70,483,189,856,73,72,855,492,469,473,477,719,482,692,691,713,700,727,723,722,636,633,635,647,1536,898,902,1535,903,904,911,629,184,852],"_links":{"self":[{"href":"https:\/\/www.entelco.com.br\/blog\/wp-json\/wp\/v2\/posts\/1864"}],"collection":[{"href":"https:\/\/www.entelco.com.br\/blog\/wp-json\/wp\/v2\/posts"}],"about":[{"href":"https:\/\/www.entelco.com.br\/blog\/wp-json\/wp\/v2\/types\/post"}],"author":[{"embeddable":true,"href":"https:\/\/www.entelco.com.br\/blog\/wp-json\/wp\/v2\/users\/1"}],"replies":[{"embeddable":true,"href":"https:\/\/www.entelco.com.br\/blog\/wp-json\/wp\/v2\/comments?post=1864"}],"version-history":[{"count":3,"href":"https:\/\/www.entelco.com.br\/blog\/wp-json\/wp\/v2\/posts\/1864\/revisions"}],"predecessor-version":[{"id":1867,"href":"https:\/\/www.entelco.com.br\/blog\/wp-json\/wp\/v2\/posts\/1864\/revisions\/1867"}],"wp:attachment":[{"href":"https:\/\/www.entelco.com.br\/blog\/wp-json\/wp\/v2\/media?parent=1864"}],"wp:term":[{"taxonomy":"category","embeddable":true,"href":"https:\/\/www.entelco.com.br\/blog\/wp-json\/wp\/v2\/categories?post=1864"},{"taxonomy":"post_tag","embeddable":true,"href":"https:\/\/www.entelco.com.br\/blog\/wp-json\/wp\/v2\/tags?post=1864"}],"curies":[{"name":"wp","href":"https:\/\/api.w.org\/{rel}","templated":true}]}}