{"id":1850,"date":"2015-01-23T11:41:42","date_gmt":"2015-01-23T14:41:42","guid":{"rendered":"http:\/\/www.entelco.com.br\/blog\/?p=1850"},"modified":"2015-01-23T11:41:42","modified_gmt":"2015-01-23T14:41:42","slug":"compartilhamento-entre-claro-e-vivo-e-aprovado-pela-anatel","status":"publish","type":"post","link":"https:\/\/www.entelco.com.br\/blog\/compartilhamento-entre-claro-e-vivo-e-aprovado-pela-anatel\/","title":{"rendered":"Compartilhamento entre Claro e Vivo \u00e9 aprovado pela Anatel."},"content":{"rendered":"<div id=\"dslc-theme-content\"><div id=\"dslc-theme-content-inner\"><p><a href=\"http:\/\/www.entelco.com.br\/blog\/wp-content\/uploads\/2015\/01\/vivo.png\"><img decoding=\"async\" loading=\"lazy\" class=\"alignleft  wp-image-1851\" src=\"http:\/\/www.entelco.com.br\/blog\/wp-content\/uploads\/2015\/01\/vivo.png\" alt=\"vivo\" width=\"146\" height=\"58\" srcset=\"https:\/\/www.entelco.com.br\/blog\/wp-content\/uploads\/2015\/01\/vivo.png 390w, https:\/\/www.entelco.com.br\/blog\/wp-content\/uploads\/2015\/01\/vivo-300x119.png 300w\" sizes=\"(max-width: 146px) 100vw, 146px\" \/><\/a>O acordo de compartilhamento de infraestrutura (swap de rede e espectro) entre a Claro e a Vivo foi aprovado pelo Conselho Diretor da Anatel previamente para cumprimento de obriga\u00e7\u00f5es do leil\u00e3o da faixa de 2,5 GHz, que determina a oferta de servi\u00e7os de voz e dados na \u00e1rea rural. Na decis\u00e3o desta quinta-feira, 22, o relator conselheiro Rodrigo Zerbone adotou a mesma condicionante aprovada no acordo anterior entre as operadoras, obrigando-as a oferecer o servi\u00e7o m\u00f3vel nas 46 cidades contempladas agora.<\/p>\n<p>A\u00a0Claro e a Vivo devem obter licen\u00e7as para utiliza\u00e7\u00e3o das frequ\u00eancias 800 MHz e 2,1 GHz, em car\u00e1ter secund\u00e1rio, pelo mesmo per\u00edodo de dura\u00e7\u00e3o do acordo. Com essa complementa\u00e7\u00e3o, o compartilhamento de infraestrutura entre as duas operadoras j\u00e1 atinge 232 esta\u00e7\u00f5es radiobase (ERBs) instaladas nos Estados de Alagoas, Para\u00edba, Rio Grande do Norte, Pernambuco, Piau\u00ed e Minas Gerais, sob a responsabilidade da Vivo; e Bahia, Amazonas, Amap\u00e1, Maranh\u00e3o, Roraima, Rond\u00f4nia, Par\u00e1, S\u00e3o Paulo e Tocantins, administradas pela Claro.<\/p>\n<p>As duas empresas dever\u00e3o fornecer condi\u00e7\u00f5es ison\u00f4micas e n\u00e3o discriminat\u00f3rias para utiliza\u00e7\u00e3o das mesmas faixas, caso haja um terceiro interessado, segundo o\u00a0voto do conselheiro Rodrigo Zerbone.<\/p>\n<p>&nbsp;<\/p>\n<p>Por<\/p>\n<p>Reda\u00e7\u00e3o<\/p>\n<p>ENTELCO TELECOM<\/p>\n<p><span style=\"color: #d4cdcd;\">Fonte: Teletime<\/span><\/p>\n<\/div><\/div>","protected":false},"excerpt":{"rendered":"<p>O acordo de compartilhamento de infraestrutura (swap de rede e espectro) entre a Claro e a Vivo foi aprovado pelo Conselho Diretor da Anatel previamente para cumprimento de obriga\u00e7\u00f5es do leil\u00e3o da faixa de 2,5 GHz, que determina a oferta de servi\u00e7os de voz e dados na \u00e1rea rural. Na decis\u00e3o desta quinta-feira, 22, o [&hellip;]<\/p>\n","protected":false},"author":1,"featured_media":0,"comment_status":"open","ping_status":"open","sticky":false,"template":"","format":"standard","meta":[],"categories":[221,3],"tags":[1532,294,1530,1862,1531],"_links":{"self":[{"href":"https:\/\/www.entelco.com.br\/blog\/wp-json\/wp\/v2\/posts\/1850"}],"collection":[{"href":"https:\/\/www.entelco.com.br\/blog\/wp-json\/wp\/v2\/posts"}],"about":[{"href":"https:\/\/www.entelco.com.br\/blog\/wp-json\/wp\/v2\/types\/post"}],"author":[{"embeddable":true,"href":"https:\/\/www.entelco.com.br\/blog\/wp-json\/wp\/v2\/users\/1"}],"replies":[{"embeddable":true,"href":"https:\/\/www.entelco.com.br\/blog\/wp-json\/wp\/v2\/comments?post=1850"}],"version-history":[{"count":1,"href":"https:\/\/www.entelco.com.br\/blog\/wp-json\/wp\/v2\/posts\/1850\/revisions"}],"predecessor-version":[{"id":1852,"href":"https:\/\/www.entelco.com.br\/blog\/wp-json\/wp\/v2\/posts\/1850\/revisions\/1852"}],"wp:attachment":[{"href":"https:\/\/www.entelco.com.br\/blog\/wp-json\/wp\/v2\/media?parent=1850"}],"wp:term":[{"taxonomy":"category","embeddable":true,"href":"https:\/\/www.entelco.com.br\/blog\/wp-json\/wp\/v2\/categories?post=1850"},{"taxonomy":"post_tag","embeddable":true,"href":"https:\/\/www.entelco.com.br\/blog\/wp-json\/wp\/v2\/tags?post=1850"}],"curies":[{"name":"wp","href":"https:\/\/api.w.org\/{rel}","templated":true}]}}