{"id":1739,"date":"2014-11-26T15:17:36","date_gmt":"2014-11-26T18:17:36","guid":{"rendered":"http:\/\/www.entelco.com.br\/blog\/?p=1739"},"modified":"2014-12-10T22:05:06","modified_gmt":"2014-12-11T01:05:06","slug":"foz-do-iguacu-recebera-certificacao-ubiquiti","status":"publish","type":"post","link":"https:\/\/www.entelco.com.br\/blog\/foz-do-iguacu-recebera-certificacao-ubiquiti\/","title":{"rendered":"Foz do Igua\u00e7\u00fa Receber\u00e1 Certifica\u00e7\u00e3o Ubiquiti."},"content":{"rendered":"<div id=\"dslc-theme-content\"><div id=\"dslc-theme-content-inner\"><p><a href=\"http:\/\/www.entelco.com.br\/blog\/wp-content\/uploads\/2014\/11\/UBWA-ENTELCO.png\"><img decoding=\"async\" loading=\"lazy\" class=\"alignleft  wp-image-1740\" src=\"http:\/\/www.entelco.com.br\/blog\/wp-content\/uploads\/2014\/11\/UBWA-ENTELCO.png\" alt=\"UBWA - ENTELCO\" width=\"160\" height=\"90\" \/><\/a>A Ubiquiti americana\u00a0levar\u00e1 at\u00e9 a maravilhosa <strong>Foz do Igua\u00e7\u00fa\/PR<\/strong>, a nova certifica\u00e7\u00e3o Oficial de <strong><span style=\"color: #0000ff;\">UBWA &#8211;\u00a0Ubiquiti Broadband\u00a0Wireless Admin<\/span><\/strong> na vers\u00e3o 1.3, rec\u00e9m lan\u00e7ada pela UBNT. A cidade que est\u00e1 em franca expans\u00e3o, receber\u00e1 os treinamento nos dias <strong>31 de Janeiro a 0<em>1 de Fevereiro de 2015<\/em><\/strong>. A ENTELCO TELECOM \u00e9 a empresa que mais certifica profissionais em todo o territ\u00f3rio nacional, ter\u00e1 o Eng. Rog\u00e9rio Barion e Edgar Yukio para ministrar o treinamento e aplicar as certifica\u00e7\u00f5es ao final do curso.<\/p>\n<p>O \u00a0novo curso Ubiquiti que ser\u00e1 ministrado na cidade, promove o seguinte conte\u00fado:<\/p>\n<p><a title=\"UBWA - airMAX\" href=\"http:\/\/www.entelco.com.br\/cursos\/?id=51\" target=\"_blank\"><strong>airMAX<\/strong><\/a> &#8211; Fundamentos de R\u00e1diofrequ\u00eancia, planejamento de link e enlace, configura\u00e7\u00e3o de equipamentos da linha airMAX como Rocket, Power Bridge, Nano Bridge, C\u00e1lculo de modula\u00e7\u00e3o, amplitude de Sinais, Pot\u00eancia de Transmiss\u00e3o e recep\u00e7\u00e3o, Atenua\u00e7\u00e3o e perdas, elementos de perdas, Zona de Fresnel, Capacidade de usu\u00e1rios por R\u00e1dio, Taxas de Transmiss\u00e3o, Configura\u00e7\u00f5es e ajustes de Velocidades, Testes de Acesso e configura\u00e7\u00f5es, entre outros, oferecem aos alunos uma capacidade elevad\u00edssima de conhecimento em telecomunica\u00e7\u00f5es para aplica\u00e7\u00f5es dos equipamentos Ubiquiti airMAX.<\/p>\n<p><a href=\"http:\/\/www.entelco.com.br\/blog\/wp-content\/uploads\/2014\/11\/training-academy-ENTELCO.png\"><img decoding=\"async\" loading=\"lazy\" class=\"wp-image-1743 aligncenter\" src=\"http:\/\/www.entelco.com.br\/blog\/wp-content\/uploads\/2014\/11\/training-academy-ENTELCO.png\" alt=\"training-academy-ENTELCO\" width=\"140\" height=\"140\" srcset=\"https:\/\/www.entelco.com.br\/blog\/wp-content\/uploads\/2014\/11\/training-academy-ENTELCO.png 290w, https:\/\/www.entelco.com.br\/blog\/wp-content\/uploads\/2014\/11\/training-academy-ENTELCO-150x150.png 150w\" sizes=\"(max-width: 140px) 100vw, 140px\" \/><\/a><\/p>\n<p>As inscri\u00e7\u00f5es se encerram no dia 4\u00a0de Dezembro, podem ser feita atrav\u00e9s do link\u00a0<a title=\"Inscri\u00e7\u00f5es\" href=\"http:\/\/www.entelco.com.br\/cursos\/?id=51\u00a0\" target=\"_blank\">http:\/\/www.entelco.com.br\/cursos\/?id=51\u00a0<\/a>\u00a0.\u00a0Este curso \u00e9 oferecido somente na modalidade presencial e ter\u00e1 equipamentos em sala para aulas pr\u00e1ticas e c\u00e1lculos de links, dimensionamento de Sinais e c\u00e9lulas de distribui\u00e7\u00e3o para provedores de internet via R\u00e1dio para empresas \u00a0integradoras al\u00e9m de empresas especializadas na \u00e1rea. O curso oferece ainda a prova de certifica\u00e7\u00e3o\u00a0Ubiquiti airMAX (UBWA), composta de quest\u00f5es t\u00e9cnicas voltadas ao conte\u00fado oficial elaborado pela pr\u00f3pria Ubiquiti Networks. \u00a0A inscri\u00e7\u00e3o para o curso, dever\u00e1 ser feita diretamente pelo site da ENTELCO. \u00a0As vagas s\u00e3o limitadas e controlada para esta cidade.<\/p>\n<p>Por<\/p>\n<p>Reda\u00e7\u00e3o<\/p>\n<p>ENTELCO TELECOM<\/p>\n<\/div><\/div>","protected":false},"excerpt":{"rendered":"<p>A Ubiquiti americana\u00a0levar\u00e1 at\u00e9 a maravilhosa Foz do Igua\u00e7\u00fa\/PR, a nova certifica\u00e7\u00e3o Oficial de UBWA &#8211;\u00a0Ubiquiti Broadband\u00a0Wireless Admin na vers\u00e3o 1.3, rec\u00e9m lan\u00e7ada pela UBNT. A cidade que est\u00e1 em franca expans\u00e3o, receber\u00e1 os treinamento nos dias 31 de Janeiro a 01 de Fevereiro de 2015. A ENTELCO TELECOM \u00e9 a empresa que mais certifica [&hellip;]<\/p>\n","protected":false},"author":1,"featured_media":0,"comment_status":"open","ping_status":"open","sticky":false,"template":"","format":"standard","meta":[],"categories":[29],"tags":[1240,1241,199,1450,1429,1432,1437,390,1242,1243,1428,1439,1451,1435,1434,1433,1436,1239,1244,75,1438,1238,1236,1237,1431,32,30,1449,1448,770,1425,1245,1246,1247,1248,400,399,1262,1249,1234,1235,1250,1251,68,894,1252,1253,969,1263,1254,385,1255,1256,1285,1284,1426,1261,1427,405,191,1257,1258,1259,1283,1430,1260],"_links":{"self":[{"href":"https:\/\/www.entelco.com.br\/blog\/wp-json\/wp\/v2\/posts\/1739"}],"collection":[{"href":"https:\/\/www.entelco.com.br\/blog\/wp-json\/wp\/v2\/posts"}],"about":[{"href":"https:\/\/www.entelco.com.br\/blog\/wp-json\/wp\/v2\/types\/post"}],"author":[{"embeddable":true,"href":"https:\/\/www.entelco.com.br\/blog\/wp-json\/wp\/v2\/users\/1"}],"replies":[{"embeddable":true,"href":"https:\/\/www.entelco.com.br\/blog\/wp-json\/wp\/v2\/comments?post=1739"}],"version-history":[{"count":8,"href":"https:\/\/www.entelco.com.br\/blog\/wp-json\/wp\/v2\/posts\/1739\/revisions"}],"predecessor-version":[{"id":1796,"href":"https:\/\/www.entelco.com.br\/blog\/wp-json\/wp\/v2\/posts\/1739\/revisions\/1796"}],"wp:attachment":[{"href":"https:\/\/www.entelco.com.br\/blog\/wp-json\/wp\/v2\/media?parent=1739"}],"wp:term":[{"taxonomy":"category","embeddable":true,"href":"https:\/\/www.entelco.com.br\/blog\/wp-json\/wp\/v2\/categories?post=1739"},{"taxonomy":"post_tag","embeddable":true,"href":"https:\/\/www.entelco.com.br\/blog\/wp-json\/wp\/v2\/tags?post=1739"}],"curies":[{"name":"wp","href":"https:\/\/api.w.org\/{rel}","templated":true}]}}