{"id":1728,"date":"2014-11-21T16:36:20","date_gmt":"2014-11-21T19:36:20","guid":{"rendered":"http:\/\/www.entelco.com.br\/blog\/?p=1728"},"modified":"2014-11-21T16:40:15","modified_gmt":"2014-11-21T19:40:15","slug":"aprovacao-da-lei-de-antenas-tem-grande-importancia","status":"publish","type":"post","link":"https:\/\/www.entelco.com.br\/blog\/aprovacao-da-lei-de-antenas-tem-grande-importancia\/","title":{"rendered":"Aprova\u00e7\u00e3o da &#8220;Lei de Antenas&#8221; tem grande import\u00e2ncia."},"content":{"rendered":"<div id=\"dslc-theme-content\"><div id=\"dslc-theme-content-inner\"><p><a href=\"http:\/\/www.entelco.com.br\/blog\/wp-content\/uploads\/2014\/11\/Torre-Antenas-ENTELCO.png\"><img decoding=\"async\" loading=\"lazy\" class=\"alignleft  wp-image-1729\" src=\"http:\/\/www.entelco.com.br\/blog\/wp-content\/uploads\/2014\/11\/Torre-Antenas-ENTELCO.png\" alt=\"Torre-Antenas-ENTELCO\" width=\"127\" height=\"245\" srcset=\"https:\/\/www.entelco.com.br\/blog\/wp-content\/uploads\/2014\/11\/Torre-Antenas-ENTELCO.png 337w, https:\/\/www.entelco.com.br\/blog\/wp-content\/uploads\/2014\/11\/Torre-Antenas-ENTELCO-156x300.png 156w\" sizes=\"(max-width: 127px) 100vw, 127px\" \/><\/a>Nessa \u00faltima quarta-feira (19), Maximiliano Martinh\u00e3o participou de audi\u00eancia p\u00fablica na C\u00e2mara dos Deputados<\/p>\n<p>O secret\u00e1rio de Telecomunica\u00e7\u00f5es do Minist\u00e9rio das Comunica\u00e7\u00f5es, ressaltou, nessa quarta-feira (19), durante audi\u00eancia p\u00fablica realizada na C\u00e2mara dos Deputados, em Bras\u00edlia, a import\u00e2ncia da aprova\u00e7\u00e3o da Lei de Antenas para garantir a implementa\u00e7\u00e3o dos projetos beneficiados pelo Regime Especial de Tributa\u00e7\u00e3o do PNBL.<\/p>\n<p>No dia 14, a presidente Dilma Rousseff sancionou a lei que prorroga o prazo para apresenta\u00e7\u00e3o de projetos do REPNBL para at\u00e9 o fim de junho, dando as empresas mais oito meses para submeterem suas propostas. Com isso, o MiniCom espera que os investimentos cheguem a R$ 30 bilh\u00f5es. &#8220;Sem esse marco uniforme de implanta\u00e7\u00e3o de infraestrutura de telecomunica\u00e7\u00f5es no pa\u00eds, a gente n\u00e3o vai conseguir realizar investimentos&#8221;, alertou.<\/p>\n<p>Martinh\u00e3o aproveitou a oportunidade para lembrar outras contribui\u00e7\u00f5es que o setor de telecom espera do Congresso Nacional para melhorar a qualidade dos servi\u00e7os, como a desonera\u00e7\u00e3o das chamadas &#8220;small cells&#8221; \u2013 antenas de tamanho intermedi\u00e1rio, que ajudam a melhorar a qualidade do sinal.<\/p>\n<p>O secret\u00e1rio mencionou, ainda, a resolu\u00e7\u00e3o que pretende estabelecer al\u00edquotas de ICMS de 10% para servi\u00e7os de banda larga fixa de at\u00e9 R$ 40 com mais de 5 Mbps e para servi\u00e7os acima de 10 Mbps, independentemente do pre\u00e7o. Martinh\u00e3o destacou que a medida reduziria em apenas 1% o valor do imposto arrecadado pelos Estados e que a medida traria um desenvolvimento econ\u00f4mico. &#8220;Com o tempo, seria poss\u00edvel recuperar esta perda&#8221;, acrescentou.<\/p>\n<p>&#8220;Nossa vis\u00e3o de futuro \u00e9 buscar sempre uma infraestrutura robusta de telecomunica\u00e7\u00f5es para o pa\u00eds, capaz de suportar a internet banda larga, com metas de expans\u00e3o, regras de qualidade e pre\u00e7os razo\u00e1veis&#8221;, concluiu o secret\u00e1rio.<\/p>\n<p>Para que os usu\u00e1rios possam criar suas redes nos padr\u00f5es de especifica\u00e7\u00f5es da ag\u00eancia Nacional a ANATEL, a ENTELCO TELECOM oferece diversos cursos e treinamentos em diversos setores, tais como, planejamento de infraestrutura (Radioenlace), curso de Antenas, de administra\u00e7\u00e3o de sistemas MikroTik, Ubiquiti, NEC, Alcatel, entre outros fabricantes e suas certifica\u00e7\u00f5es. Os cursos podem ser encontrados no link\u00a0<a href=\"http:\/\/www.entelco.com.br\/cursos\/\">http:\/\/www.entelco.com.br\/cursos\/<\/a>.<\/p>\n<p>Al\u00e9m dos cursos voltados a redes Wireless, a ENTELCO tamb\u00e9m oferece cursos de gest\u00e3o, administra\u00e7\u00e3o, Redes de Computadores, Voz sobre IP (VoIP), Arquitetura de Redes TCP\/IP, Redes GPON (FTTx), tanto no formato presencial quanto no formato EaD (On Line).<\/p>\n<p>&nbsp;<\/p>\n<p>&nbsp;<\/p>\n<p>Por<\/p>\n<p>Reda\u00e7\u00e3o<\/p>\n<p>ENTELCO TELECOM<\/p>\n<p><span style=\"color: #d4cfcf;\">Fonte: Minist\u00e9rio das Comunica\u00e7\u00f5es<\/span><\/p>\n<\/div><\/div>","protected":false},"excerpt":{"rendered":"<p>Nessa \u00faltima quarta-feira (19), Maximiliano Martinh\u00e3o participou de audi\u00eancia p\u00fablica na C\u00e2mara dos Deputados O secret\u00e1rio de Telecomunica\u00e7\u00f5es do Minist\u00e9rio das Comunica\u00e7\u00f5es, ressaltou, nessa quarta-feira (19), durante audi\u00eancia p\u00fablica realizada na C\u00e2mara dos Deputados, em Bras\u00edlia, a import\u00e2ncia da aprova\u00e7\u00e3o da Lei de Antenas para garantir a implementa\u00e7\u00e3o dos projetos beneficiados pelo Regime Especial de [&hellip;]<\/p>\n","protected":false},"author":1,"featured_media":0,"comment_status":"open","ping_status":"open","sticky":false,"template":"","format":"standard","meta":[],"categories":[11],"tags":[63,1862,76,64,33,116,115,19,1860,1420,231,225,232,243,242,1421,235,234,236,226,233,228,227,229,241,239,238,240,237],"_links":{"self":[{"href":"https:\/\/www.entelco.com.br\/blog\/wp-json\/wp\/v2\/posts\/1728"}],"collection":[{"href":"https:\/\/www.entelco.com.br\/blog\/wp-json\/wp\/v2\/posts"}],"about":[{"href":"https:\/\/www.entelco.com.br\/blog\/wp-json\/wp\/v2\/types\/post"}],"author":[{"embeddable":true,"href":"https:\/\/www.entelco.com.br\/blog\/wp-json\/wp\/v2\/users\/1"}],"replies":[{"embeddable":true,"href":"https:\/\/www.entelco.com.br\/blog\/wp-json\/wp\/v2\/comments?post=1728"}],"version-history":[{"count":5,"href":"https:\/\/www.entelco.com.br\/blog\/wp-json\/wp\/v2\/posts\/1728\/revisions"}],"predecessor-version":[{"id":1732,"href":"https:\/\/www.entelco.com.br\/blog\/wp-json\/wp\/v2\/posts\/1728\/revisions\/1732"}],"wp:attachment":[{"href":"https:\/\/www.entelco.com.br\/blog\/wp-json\/wp\/v2\/media?parent=1728"}],"wp:term":[{"taxonomy":"category","embeddable":true,"href":"https:\/\/www.entelco.com.br\/blog\/wp-json\/wp\/v2\/categories?post=1728"},{"taxonomy":"post_tag","embeddable":true,"href":"https:\/\/www.entelco.com.br\/blog\/wp-json\/wp\/v2\/tags?post=1728"}],"curies":[{"name":"wp","href":"https:\/\/api.w.org\/{rel}","templated":true}]}}