{"id":1688,"date":"2014-11-12T15:33:30","date_gmt":"2014-11-12T18:33:30","guid":{"rendered":"http:\/\/www.entelco.com.br\/blog\/?p=1688"},"modified":"2014-11-12T15:41:35","modified_gmt":"2014-11-12T18:41:35","slug":"a-real-situacao-da-fibra-optica-no-brasil","status":"publish","type":"post","link":"https:\/\/www.entelco.com.br\/blog\/a-real-situacao-da-fibra-optica-no-brasil\/","title":{"rendered":"A real situa\u00e7\u00e3o da Fibra \u00d3ptica no Brasil"},"content":{"rendered":"<div id=\"dslc-theme-content\"><div id=\"dslc-theme-content-inner\"><p><a href=\"http:\/\/www.entelco.com.br\/blog\/wp-content\/uploads\/2014\/11\/ftth-ENTELCO.jpg\"><img decoding=\"async\" loading=\"lazy\" class=\"alignleft  wp-image-1689\" src=\"http:\/\/www.entelco.com.br\/blog\/wp-content\/uploads\/2014\/11\/ftth-ENTELCO-300x120.jpg\" alt=\"ftth-ENTELCO\" width=\"193\" height=\"77\" srcset=\"https:\/\/www.entelco.com.br\/blog\/wp-content\/uploads\/2014\/11\/ftth-ENTELCO-300x120.jpg 300w, https:\/\/www.entelco.com.br\/blog\/wp-content\/uploads\/2014\/11\/ftth-ENTELCO.jpg 620w\" sizes=\"(max-width: 193px) 100vw, 193px\" \/><\/a>As informa\u00e7\u00f5es mais detalhadas do Plano Nacional de Banda Larga 2.0 ou Banda Larga para Todos, como foi chamado na campanha de reelei\u00e7\u00e3o da presidenta Dilma Rousseff, come\u00e7am a vir a p\u00fablico. Nesta quarta, 12, o ministro Paulo Bernardo revelou que a ideia do Mincom \u00e9 atender com fibra (FTTx) 45% dos domic\u00edlios \u2013 algo muito mais realista do que a promessa de campanha, que falava em 90%. &#8220;O pre\u00e7o depende do percentual de domic\u00edlios que n\u00f3s vamos atender a \u00faltima milha com fibra: 45% dos domic\u00edlios com fibra na \u00faltima milha custa R$ 40 bilh\u00f5es&#8221;, disse o ministro.<\/p>\n<p>Bernardo ressalta que a \u00faltima milha pode ser feita com qualidade a partir de outras tecnologias, como o 4G, por exemplo. Ele menciona que as operadoras dever\u00e3o levar o 4G a todas as cidades com mais de 30 mil habitantes at\u00e9 2015, o que garante boa velocidade na ponta e exclui a necessidade de fazer a \u00faltima milha com fibra.<\/p>\n<p>O custo do projeto, como se sabe, n\u00e3o ser\u00e1 suportado integralmente pelo governo. Bernardo voltou a mencionar o mecanismo do leil\u00e3o reverso como forma de viabilizar o projeto. No leil\u00e3o reverso, ganha a companhia que utilizar a menor quantidade de recursos p\u00fablicos. Mas, para ele, dada a import\u00e2ncia do projeto, \u00e9 prov\u00e1vel que ele seja inclu\u00eddo no Programa de Acelera\u00e7\u00e3o de Crescimento (PAC).<\/p>\n<p>Importante notar que o termo &#8220;universaliza\u00e7\u00e3o&#8221; usado para falar da banda larga n\u00e3o tem o mesmo peso de quando o termo \u00e9 usado para a telefonia fixa, que tem metas imputadas \u00e0s concession\u00e1rias. &#8220;Quando a gente fala em universaliza\u00e7\u00e3o n\u00e3o quer dizer que \u00e9 100%. Os pesquisadores falam em 80%; nem a TV aberta est\u00e1 em todas as casas&#8221;, afirma o ministro.<\/p>\n<p>A outra perna do projeto diz respeito ao backhaul que hoje atinge apenas 47% dos munic\u00edpios. O Minicom quer levar o backhaul com fibra a todos os munic\u00edpios onde isso for vi\u00e1vel, o que seria algo em torno de 90% das cidades Pa\u00eds, e aumentar a capacidade quando for o caso. Nesse caso, o custo \u00e9 estimado em R$ 10 bilh\u00f5es. Acontece que essa meta est\u00e1 prevista na revis\u00e3o do Plano Geral de Metas de Universaliza\u00e7\u00e3o (PGMU) que est\u00e1 sendo discutida pela Anatel.<\/p>\n<p>&#8220;Acho que dever\u00edamos levar em conta o PGMU; isso teria um impacto positivo no nosso plano. Eu defendo que isso seja integrado porque impacta positivamente no nosso plano&#8221;, afirma o ministro.<\/p>\n<p>A ENTELCO TELECOM est\u00e1 disponibilizando cursos de GPON &amp; FTTx nas modalidades presencial e telepresencial ( On-Line EaD) ao vivo. Os cursos s\u00e3o disponibilizados com uma certa frequ\u00eancia aos alunos, mesmo aos que n\u00e3o possam participar de um treinamento presencial, poder\u00e3o se inscrever em uma turma On-Line.<\/p>\n<p>Modalidade Presencial\u00a0<a title=\"Curso de Projetos GPON\" href=\"http:\/\/www.entelco.com.br\/cursos\/?id=40\" target=\"_blank\">http:\/\/www.entelco.com.br\/cursos\/?id=40<\/a><\/p>\n<p>Modalidade On-Line \u00a0<a title=\"Curso de Projetos GPON (EaD)\" href=\"http:\/\/www.entelco.com.br\/cursos\/?id=54\" target=\"_blank\">http:\/\/www.entelco.com.br\/cursos\/?id=54<\/a><\/p>\n<p>Atualmente a ENTELCO conta com 3 profissionais especializados em tecnologias PON, o Eng. Cl\u00e1udio Fernandes, Eng Rog\u00e9rio Barion e o especialista Anderson Quintela. A equipe \u00e9 gabaritada a desenvolver projetos, analisar redes PON, desenvolver segmentos dentro da tecnologia com interoperabilidade GPON , entre Assessoria, Consultoria e Treinamentos especializados.<\/p>\n<p>&nbsp;<\/p>\n<p>Por<\/p>\n<p>Reda\u00e7\u00e3o<\/p>\n<p>ENTELCO TELECOM<\/p>\n<p><span style=\"color: #dbd7d7;\">Fonte: Teletime<\/span><\/p>\n<\/div><\/div>","protected":false},"excerpt":{"rendered":"<p>As informa\u00e7\u00f5es mais detalhadas do Plano Nacional de Banda Larga 2.0 ou Banda Larga para Todos, como foi chamado na campanha de reelei\u00e7\u00e3o da presidenta Dilma Rousseff, come\u00e7am a vir a p\u00fablico. Nesta quarta, 12, o ministro Paulo Bernardo revelou que a ideia do Mincom \u00e9 atender com fibra (FTTx) 45% dos domic\u00edlios \u2013 algo [&hellip;]<\/p>\n","protected":false},"author":1,"featured_media":0,"comment_status":"open","ping_status":"open","sticky":false,"template":"","format":"standard","meta":[],"categories":[47],"tags":[414,1400,134,706,119,608,422,421,1290,1311,60,45,122,139,711,610,1860,248,55,133,1291,1289,670,1356,1296,1295,883,334,1388,884,1297,1313,50,51,49,609,52,48,994,1864,135,140,137,335,425,1294,1293,816,817,1305,1304,889,885,59,129,1315,1312,130,1321,1320,995,996,1399,46,423,132,131,415,416,417,234,43,241,1307,1308,888,418,857,1319,1310,1316,1306,420,58,125,1309,1318,56,1292],"_links":{"self":[{"href":"https:\/\/www.entelco.com.br\/blog\/wp-json\/wp\/v2\/posts\/1688"}],"collection":[{"href":"https:\/\/www.entelco.com.br\/blog\/wp-json\/wp\/v2\/posts"}],"about":[{"href":"https:\/\/www.entelco.com.br\/blog\/wp-json\/wp\/v2\/types\/post"}],"author":[{"embeddable":true,"href":"https:\/\/www.entelco.com.br\/blog\/wp-json\/wp\/v2\/users\/1"}],"replies":[{"embeddable":true,"href":"https:\/\/www.entelco.com.br\/blog\/wp-json\/wp\/v2\/comments?post=1688"}],"version-history":[{"count":3,"href":"https:\/\/www.entelco.com.br\/blog\/wp-json\/wp\/v2\/posts\/1688\/revisions"}],"predecessor-version":[{"id":1692,"href":"https:\/\/www.entelco.com.br\/blog\/wp-json\/wp\/v2\/posts\/1688\/revisions\/1692"}],"wp:attachment":[{"href":"https:\/\/www.entelco.com.br\/blog\/wp-json\/wp\/v2\/media?parent=1688"}],"wp:term":[{"taxonomy":"category","embeddable":true,"href":"https:\/\/www.entelco.com.br\/blog\/wp-json\/wp\/v2\/categories?post=1688"},{"taxonomy":"post_tag","embeddable":true,"href":"https:\/\/www.entelco.com.br\/blog\/wp-json\/wp\/v2\/tags?post=1688"}],"curies":[{"name":"wp","href":"https:\/\/api.w.org\/{rel}","templated":true}]}}