{"id":1669,"date":"2014-11-05T12:07:48","date_gmt":"2014-11-05T15:07:48","guid":{"rendered":"http:\/\/www.entelco.com.br\/blog\/?p=1669"},"modified":"2014-11-05T12:12:32","modified_gmt":"2014-11-05T15:12:32","slug":"o-ftth-a-caminho-da-populacao","status":"publish","type":"post","link":"https:\/\/www.entelco.com.br\/blog\/o-ftth-a-caminho-da-populacao\/","title":{"rendered":"O FTTH a caminho da popula\u00e7\u00e3o."},"content":{"rendered":"<div id=\"dslc-theme-content\"><div id=\"dslc-theme-content-inner\"><p><a href=\"http:\/\/www.entelco.com.br\/blog\/wp-content\/uploads\/2014\/11\/FTTH_ENTELCO.png\"><img decoding=\"async\" loading=\"lazy\" class=\" wp-image-1670 alignleft\" src=\"http:\/\/www.entelco.com.br\/blog\/wp-content\/uploads\/2014\/11\/FTTH_ENTELCO-297x300.png\" alt=\"FTTH ENTELCO\" width=\"153\" height=\"155\" srcset=\"https:\/\/www.entelco.com.br\/blog\/wp-content\/uploads\/2014\/11\/FTTH_ENTELCO-297x300.png 297w, https:\/\/www.entelco.com.br\/blog\/wp-content\/uploads\/2014\/11\/FTTH_ENTELCO.png 617w\" sizes=\"(max-width: 153px) 100vw, 153px\" \/><\/a>O assunto\u00a0entre governos tem como principal projeto a prepara\u00e7\u00e3o para o programa Banda Larga para Todos, que visa aumentar a penetra\u00e7\u00e3o de cidades brasileiras com rede de fibra de 47% para 90%, mas a inten\u00e7\u00e3o \u00e9 tamb\u00e9m expandir a infraestrutura \u00f3tica dentro das cidades, em modelo FTTx, onde isso for poss\u00edvel. De acordo com o secret\u00e1rio de Telecomunica\u00e7\u00f5es do Minist\u00e9rio das Comunica\u00e7\u00f5es, Maximiliano Martinh\u00e3o, j\u00e1 h\u00e1 uma estimativa de c\u00e1lculo para os gastos e uma sugest\u00e3o de modelo por meio de leil\u00e3o reverso.<\/p>\n<p>&#8220;A gente fez estimativa, isso tudo vai ser modulado: na hora em que apresentarmos (o projeto) para o Congresso, ele vai modular e dizer o quanto vai fazer e como vai come\u00e7ar. Mas para chegar com fibra nas cidades maiores, at\u00e9 mais pr\u00f3ximo da casa do usu\u00e1rio, a gente j\u00e1 tem o c\u00e1lculo de quanto custaria, mas vamos ter que ampliar a discuss\u00e3o para o governo para ver se ser\u00e1 feito dessa forma ou se ter\u00e1 ajuste&#8221;, declarou ele, sem revelar o valor desse c\u00e1lculo, em conversa com jornalistas na noite de segunda, 3, em premia\u00e7\u00e3o da Momento Editorial. O processo de leil\u00e3o reverso, ele explica, foi o considerado mais adequado. &#8220;Aquele que usar a menor quantidade de incentivo leva o projeto. Isso (o modelo) j\u00e1 foi feito em alguns Estados.&#8221;<\/p>\n<p>Martinh\u00e3o confirma que a equipe do ministro Paulo Bernardo tem trabalhado com a meta de chegar a 90% dos munic\u00edpios brasileiros com fibra, elevando a velocidade m\u00e9dia da conex\u00e3o para 25 Mbps em quatro anos, se poss\u00edvel com FTTx. &#8220;Em alguns munic\u00edpios, queremos chegar com alguns incentivos para fibra at\u00e9 o mais pr\u00f3ximo da casa do usu\u00e1rio&#8221;, declara. Nas cidades menores, ele considera que a banda larga m\u00f3vel, em particular com o 4G, seria o suficiente para atender \u00e0 demanda local. A equipe vem trabalhando nesse projeto h\u00e1 dois anos, e o relat\u00f3rio dever\u00e1 ser entregue &#8220;no momento em que for chamado, e o ministro falou que pode ser agora ou em 120 dias&#8221;. Segundo o secret\u00e1rio, o trabalho est\u00e1 sendo ajustado e dever\u00e1 ter maior amplia\u00e7\u00e3o de discuss\u00e3o no governo.<\/p>\n<p><strong>At\u00e9 o fim do ano<\/strong><\/p>\n<p>Entre os projetos para esses dois \u00faltimos meses do ano, Maximiliano Martinh\u00e3o cita as discuss\u00f5es para modifica\u00e7\u00f5es da Lei do Bem. &#8220;A gente tem que pensar em nova portaria para a desonera\u00e7\u00e3o do smartphone: as caracter\u00edsticas t\u00e9cnicas de aplicativos foram estabelecidas at\u00e9 dezembro de 2014. Como a Lei deve ser prorrogada, tem que ver se vai permanecer, se haver\u00e1 ajuste&#8221;, declara. Isso n\u00e3o se aplica ao valor do benef\u00edcio dado ao fabricante, j\u00e1 que seria uma quest\u00e3o de ren\u00fancia fiscal, ele explica.<\/p>\n<p>Outro ponto na agenda do Minist\u00e9rio \u00e9 a reuni\u00e3o da C\u00e2mara de Gest\u00e3o do m\u00e1quina-a-m\u00e1quina (M2M) que far\u00e1 sua segunda reuni\u00e3o ainda neste m\u00eas de novembro para discutir a extens\u00e3o da desonera\u00e7\u00e3o. &#8220;Tem v\u00e1rios assuntos sendo tratados l\u00e1, como \u00e9 que vai ser a estratifica\u00e7\u00e3o, os tipos de machine-to-machine, a quest\u00e3o do POS&#8221;, cita. Incluir as m\u00e1quinas de cart\u00e3o de cr\u00e9dito no benef\u00edcio \u00e9 um ponto sens\u00edvel, j\u00e1 que a maioria das conex\u00f5es M2M atualmente no Brasil s\u00e3o dessa modalidade. &#8220;Surgiu uma ideia da Anatel de criar numera\u00e7\u00e3o espec\u00edfica, que ficaria mais simples para acompanhamento e separa\u00e7\u00e3o do que seria smartphone e POS, talvez conseguir\u00edamos resolver&#8221;, diz Martinh\u00e3o.<\/p>\n<p>A ENTELCO TELECOM est\u00e1 disponibilizando cursos de GPON &amp; FTTx nas modalidades presencial e telepresencial ( On-Line EaD) ao vivo. Os cursos s\u00e3o disponibilizados com uma certa frequ\u00eancia aos alunos, mesmo aos que n\u00e3o possam participar de um treinamento presencial, poder\u00e3o se inscrever em uma turma On-Line.<\/p>\n<p>Modalidade Presencial\u00a0<a title=\"Curso de Projetos GPON\" href=\"http:\/\/www.entelco.com.br\/cursos\/?id=40\" target=\"_blank\">http:\/\/www.entelco.com.br\/cursos\/?id=40<\/a><\/p>\n<p>Modalidade On-Line \u00a0<a title=\"Curso de Projetos GPON (EaD)\" href=\"http:\/\/www.entelco.com.br\/cursos\/?id=54\" target=\"_blank\">http:\/\/www.entelco.com.br\/cursos\/?id=54<\/a><\/p>\n<p>Atualmente a ENTELCO conta com 3 profissionais especializados em tecnologias PON, o Eng. Cl\u00e1udio Fernandes, Eng Rog\u00e9rio Barion e o especialista Anderson Quintela. A equipe \u00e9 gabaritada a desenvolver projetos, analisar redes PON, desenvolver segmentos dentro da tecnologia com interoperabilidade GPON , entre Assessoria, Consultoria e Treinamentos especializados.<\/p>\n<p>&nbsp;<\/p>\n<p>Por<\/p>\n<p>Reda\u00e7\u00e3o<\/p>\n<p>ENTELCO TELECOM<\/p>\n<p><span style=\"color: #dbd7d7;\">Fonte: Teletime<\/span><\/p>\n<p>&nbsp;<\/p>\n<\/div><\/div>","protected":false},"excerpt":{"rendered":"<p>O assunto\u00a0entre governos tem como principal projeto a prepara\u00e7\u00e3o para o programa Banda Larga para Todos, que visa aumentar a penetra\u00e7\u00e3o de cidades brasileiras com rede de fibra de 47% para 90%, mas a inten\u00e7\u00e3o \u00e9 tamb\u00e9m expandir a infraestrutura \u00f3tica dentro das cidades, em modelo FTTx, onde isso for poss\u00edvel. De acordo com o [&hellip;]<\/p>\n","protected":false},"author":1,"featured_media":0,"comment_status":"open","ping_status":"open","sticky":false,"template":"","format":"standard","meta":[],"categories":[47],"tags":[414,134,706,119,608,422,421,1290,1311,60,45,122,139,711,610,1860,248,55,133,1291,1289,670,1296,1295,883,334,1388,884,1297,1313,50,51,49,609,52,48,994,1864,135,140,137,335,425,1294,1293,816,817,1305,1304,889,885,59,129,1315,1312,130,1321,1320,995,996,46,423,132,131,415,416,417,43,241,1307,1308,888,418,857,1319,1310,1316,1306,420,58,125,1309,1318,56,1292],"_links":{"self":[{"href":"https:\/\/www.entelco.com.br\/blog\/wp-json\/wp\/v2\/posts\/1669"}],"collection":[{"href":"https:\/\/www.entelco.com.br\/blog\/wp-json\/wp\/v2\/posts"}],"about":[{"href":"https:\/\/www.entelco.com.br\/blog\/wp-json\/wp\/v2\/types\/post"}],"author":[{"embeddable":true,"href":"https:\/\/www.entelco.com.br\/blog\/wp-json\/wp\/v2\/users\/1"}],"replies":[{"embeddable":true,"href":"https:\/\/www.entelco.com.br\/blog\/wp-json\/wp\/v2\/comments?post=1669"}],"version-history":[{"count":3,"href":"https:\/\/www.entelco.com.br\/blog\/wp-json\/wp\/v2\/posts\/1669\/revisions"}],"predecessor-version":[{"id":1673,"href":"https:\/\/www.entelco.com.br\/blog\/wp-json\/wp\/v2\/posts\/1669\/revisions\/1673"}],"wp:attachment":[{"href":"https:\/\/www.entelco.com.br\/blog\/wp-json\/wp\/v2\/media?parent=1669"}],"wp:term":[{"taxonomy":"category","embeddable":true,"href":"https:\/\/www.entelco.com.br\/blog\/wp-json\/wp\/v2\/categories?post=1669"},{"taxonomy":"post_tag","embeddable":true,"href":"https:\/\/www.entelco.com.br\/blog\/wp-json\/wp\/v2\/tags?post=1669"}],"curies":[{"name":"wp","href":"https:\/\/api.w.org\/{rel}","templated":true}]}}