{"id":988,"date":"2013-10-14T09:11:41","date_gmt":"2013-10-14T12:11:41","guid":{"rendered":"http:\/\/www.entelco.com.br\/blog\/?p=988"},"modified":"2013-10-14T09:16:52","modified_gmt":"2013-10-14T12:16:52","slug":"a-lei-das-antenas-podera-ser-concluida-ate-novembro","status":"publish","type":"post","link":"http:\/\/www.entelco.com.br\/blog\/a-lei-das-antenas-podera-ser-concluida-ate-novembro\/","title":{"rendered":"A Lei das Antenas poder\u00e1 ser conclu\u00edda at\u00e9 Novembro."},"content":{"rendered":"<div id=\"dslc-theme-content\"><div id=\"dslc-theme-content-inner\"><p><span style=\"font-size: 13px; line-height: 19px;\"><a href=\"http:\/\/www.entelco.com.br\/blog\/wp-content\/uploads\/2013\/10\/Antenna_torre_entelco1.jpg\"><img decoding=\"async\" loading=\"lazy\" class=\"alignleft  wp-image-990\" title=\"Antenna_torre_entelco\" src=\"http:\/\/www.entelco.com.br\/blog\/wp-content\/uploads\/2013\/10\/Antenna_torre_entelco1.jpg\" alt=\"\" width=\"45\" height=\"113\" srcset=\"http:\/\/www.entelco.com.br\/blog\/wp-content\/uploads\/2013\/10\/Antenna_torre_entelco1.jpg 800w, http:\/\/www.entelco.com.br\/blog\/wp-content\/uploads\/2013\/10\/Antenna_torre_entelco1-120x300.jpg 120w, http:\/\/www.entelco.com.br\/blog\/wp-content\/uploads\/2013\/10\/Antenna_torre_entelco1-409x1024.jpg 409w\" sizes=\"(max-width: 45px) 100vw, 45px\" \/><\/a>A Lei das Antenas (Projeto de Lei 5.013\/2013), do deputado Edson Santos (PT-RJ), est\u00e1 em pauta pelo relator da Comiss\u00e3o especial, que prometeu concluir seu trabalho at\u00e9 o fim de novembro para que a lei possa entrar em vigor no ano que vem, a tempo de beneficiar as empresas na instala\u00e7\u00e3o da infraestrutura de telecomunica\u00e7\u00f5es necess\u00e1ria para os grandes eventos.<\/span><\/p>\n<p>Segundo o relator, &#8220;\u00e9 um prazo razo\u00e1vel de an\u00e1lise do projeto para que possamos, se for o caso, devolver para o Senado, para que ele possa votar ainda esse ano. Assim, n\u00f3s teremos com isso um marco legal para que as operadoras possam trabalhar atendendo uma exig\u00eancia do Estado brasileiro, instalando as antenas que dar\u00e3o suporte aos equipamentos de telecomunica\u00e7\u00f5es no Brasil&#8221;, disse ele na \u00faltima quarta, 9, na Comiss\u00e3o Especial.<\/p>\n<p>O deputado Hugo Mota (PMDB-PB), que \u00e9 o presidente da Comiss\u00e3o,\u00a0concorda que \u00e9 preciso analisar o projeto com celeridade. &#8220;O Brasil precisa disso, acredito que vamos prestar um grande servi\u00e7o para o nosso Pa\u00eds&#8221;, disse ele.<\/p>\n<p>Tr\u00eas audi\u00eancias p\u00fablicas para debater o projeto foram definidas, sendo que a primeira delas ficou marcada para a pr\u00f3xima quarta, 16, com o ministro das Comunica\u00e7\u00f5es, Paulo Bernardo. A Comiss\u00e3o Especial realizar\u00e1 tamb\u00e9m mesas redondas nos estados com o apoio das assembleias legislativas.<\/p>\n<p>O assunto requer bastante cuidado, principalmente para as empresas que prestar\u00e3o estes servi\u00e7os em 2014, pois depender\u00e3o de uma s\u00e9rie de regulamentos a serem estabelecidos. Mas n\u00e3o basta a parte burocr\u00e1tica ou mesmo legislativa, e sim tamb\u00e9m o lado tecnol\u00f3gico. Segundo o engenheiro Rog\u00e9rio Barion da ENTELCO TELECOM,, \u00e9 fundamental para este perfil de empresas, que se preparem com o conhecimento, ou em casos de empresas de maior porte, que invistam em profissionais gabaritados. &#8220;A defici\u00eancia em m\u00e3o de obra especializada que temos no mercado nacional atualmente \u00e9 uma prova de que o governo precisa investir em nossos jovens&#8221;, afirma Barion. Mas atualmente dados informados pelo CREA, Conselho Regional de Engenharia e Agronomia, relata que o Brasil precisaria de 21 engenheiro a cada mil habitantes, mas a nossa realidade \u00e9 outra, no Brasil temos apenas 7 engenheiros a cada 1.000 habitantes. Os dados informados pelo CREA, s\u00e3o baseados em realidades de pa\u00edses em franco crescimento, e em \u00e1reas diversas, sendo, Constru\u00e7\u00e3o civil, produ\u00e7\u00e3o, telecomunica\u00e7\u00f5es, computa\u00e7\u00e3o, etc., e o Brasil se enquadra neste perfil, mas ainda falta muito investimento em educa\u00e7\u00e3o.<\/p>\n<p>Muitos fabricantes de linhas de equipamentos de baixo custo e facilidade de implementa\u00e7\u00e3o podem ser encontrados em nosso mercado, tais como, MikroTik, Ruckus, Ubiquiti, Intelbras, etc. Ressalta ainda Barion, que mesmo com a apar\u00eancia simples e convidativa de \u00a0equipamentos como o da linha Ubiquiti, pela suposta facilidade de uso e montagem, \u00e9 primordial o conhecimento m\u00ednimo para garantir a qualidade, estabilidade e boas taxas de transfer\u00eancias. Todos estes t\u00f3picos s\u00e3o abordados nos treinamento da empresa que s\u00e3o voltados a RF e dimensionamento de enlaces, e em espec\u00edfico para os equipamentos da linha airMAX. Para isto \u00e9 oferecido o curso EaD On-Line da ENTELCO em linha do protocolo TDMA, assim como o dimensionamento dos enlaces.<\/p>\n<p>As inscri\u00e7\u00f5es podem ser feitas pelo link,\u00a0<a title=\"Curso Ubiquiti On-Line\" href=\"http:\/\/www.entelco.com.br\/cursos\/?id=50\" target=\"_blank\">Curso EaD Ubiquiti<\/a><\/p>\n<p>&nbsp;<\/p>\n<p>Por<\/p>\n<p>Reda\u00e7\u00e3o<\/p>\n<p>ENTELCO TELECOM<\/p>\n<p>&nbsp;<\/p>\n<\/div><\/div>","protected":false},"excerpt":{"rendered":"<p>A Lei das Antenas (Projeto de Lei 5.013\/2013), do deputado Edson Santos (PT-RJ), est\u00e1 em pauta pelo relator da Comiss\u00e3o especial, que prometeu concluir seu trabalho at\u00e9 o fim de novembro para que a lei possa entrar em vigor no ano que vem, a tempo de beneficiar as empresas na instala\u00e7\u00e3o da infraestrutura de telecomunica\u00e7\u00f5es [&hellip;]<\/p>\n","protected":false},"author":1,"featured_media":0,"comment_status":"open","ping_status":"open","sticky":false,"template":"","format":"standard","meta":[],"categories":[11,221,3],"tags":[1862,805,807,1860,248,804,809,808,163,806,1863,672],"_links":{"self":[{"href":"http:\/\/www.entelco.com.br\/blog\/wp-json\/wp\/v2\/posts\/988"}],"collection":[{"href":"http:\/\/www.entelco.com.br\/blog\/wp-json\/wp\/v2\/posts"}],"about":[{"href":"http:\/\/www.entelco.com.br\/blog\/wp-json\/wp\/v2\/types\/post"}],"author":[{"embeddable":true,"href":"http:\/\/www.entelco.com.br\/blog\/wp-json\/wp\/v2\/users\/1"}],"replies":[{"embeddable":true,"href":"http:\/\/www.entelco.com.br\/blog\/wp-json\/wp\/v2\/comments?post=988"}],"version-history":[{"count":8,"href":"http:\/\/www.entelco.com.br\/blog\/wp-json\/wp\/v2\/posts\/988\/revisions"}],"predecessor-version":[{"id":993,"href":"http:\/\/www.entelco.com.br\/blog\/wp-json\/wp\/v2\/posts\/988\/revisions\/993"}],"wp:attachment":[{"href":"http:\/\/www.entelco.com.br\/blog\/wp-json\/wp\/v2\/media?parent=988"}],"wp:term":[{"taxonomy":"category","embeddable":true,"href":"http:\/\/www.entelco.com.br\/blog\/wp-json\/wp\/v2\/categories?post=988"},{"taxonomy":"post_tag","embeddable":true,"href":"http:\/\/www.entelco.com.br\/blog\/wp-json\/wp\/v2\/tags?post=988"}],"curies":[{"name":"wp","href":"https:\/\/api.w.org\/{rel}","templated":true}]}}