{"id":669,"date":"2013-09-10T10:33:25","date_gmt":"2013-09-10T13:33:25","guid":{"rendered":"http:\/\/www.entelco.com.br\/blog\/?p=669"},"modified":"2013-09-10T10:33:25","modified_gmt":"2013-09-10T13:33:25","slug":"crescimento-de-banda-larga-via-satelite-pode-passar-dos-2-milhoes-ate-2018","status":"publish","type":"post","link":"http:\/\/www.entelco.com.br\/blog\/crescimento-de-banda-larga-via-satelite-pode-passar-dos-2-milhoes-ate-2018\/","title":{"rendered":"Crescimento de Banda Larga via Sat\u00e9lite pode passar dos 2 milh\u00f5es at\u00e9 2018."},"content":{"rendered":"<div id=\"dslc-theme-content\"><div id=\"dslc-theme-content-inner\"><p><a href=\"http:\/\/www.entelco.com.br\/blog\/wp-content\/uploads\/2013\/09\/satelite-entelco.jpg\"><img decoding=\"async\" loading=\"lazy\" class=\"alignleft  wp-image-671\" title=\"satelite-entelco\" src=\"http:\/\/www.entelco.com.br\/blog\/wp-content\/uploads\/2013\/09\/satelite-entelco-300x237.jpg\" alt=\"\" width=\"210\" height=\"166\" srcset=\"http:\/\/www.entelco.com.br\/blog\/wp-content\/uploads\/2013\/09\/satelite-entelco-300x237.jpg 300w, http:\/\/www.entelco.com.br\/blog\/wp-content\/uploads\/2013\/09\/satelite-entelco.jpg 350w\" sizes=\"(max-width: 210px) 100vw, 210px\" \/><\/a>O Governo faz proje\u00e7\u00f5es sobre o potencial crescimento em servi\u00e7os de banda larga via sat\u00e9lite com tecnologia de banda Ka. Os dados foram apresentados durante o Congresso Latino-americano de Sat\u00e9lites, realizado pela Converge esta semana no Rio de Janeiro. A proje\u00e7\u00e3o do Minist\u00e9rio das Comunica\u00e7\u00f5es, conforme a apresenta\u00e7\u00e3o de Andr\u00e9 Moura Gomes, da diretoria de banda larga do minist\u00e9rio, \u00e9 que o mercado de banda Ka chegue a um milh\u00e3o de assinantes at\u00e9 2018. Para a Anatel, segundo o conselheiro Jarbas Valente, o potencial do mercado \u00e9 maior, da ordem de dois milh\u00f5es de assinantes. Ambos concordam, contudo, que a banda larga via sat\u00e9lite ser\u00e1 fundamental para atender a regi\u00f5es ainda carentes de infraestrutura. S\u00f3 nas \u00e1reas rurais seriam 20 milh\u00f5es de domic\u00edlios.<\/p>\n<p>O objetivo para a \u00a0Anatel, \u00a0\u00e9 para acelerar a licita\u00e7\u00e3o de posi\u00e7\u00f5es orbitais associadas a frequ\u00eancias de banda Ka de forma que os projetos possam se beneficiar da desonera\u00e7\u00e3o prevista no Regime Especial de tributa\u00e7\u00e3o do Programa Nacional de Banda Larga (RE-PNBL), at\u00e9 2018. A pr\u00f3xima licita\u00e7\u00e3o j\u00e1 foi submetida a consulta e deve ser realizada a partir de outubro, segundo Valente, para mais quatro posi\u00e7\u00f5es, e h\u00e1 a previs\u00e3o, inclusive, de sat\u00e9lites inteiramente em banda Ka.<\/p>\n<p>Em rela\u00e7\u00e3o a capacidade satelital instalada, hoje o Brasil tem 223,5 transponders equivalentes a 36 MHz em sat\u00e9lites operando em posi\u00e7\u00f5es brasileiras. Em banda Ku, a capacidade em transponders equivalentes de 36 MHz \u00e9 de 204,1, e em Ka, 222 transponders equivalentes. Essa medida n\u00e3o \u00e9 a considerada mais precisa porque hoje, com as aplica\u00e7\u00f5es de dados, e sobretudo com a banda Ka, falar em equival\u00eancia de transponders de 36 MHz n\u00e3o faz mais sentido, mas \u00e9 uma medida do impacto que a banda Ka poder\u00e1 ter. Hoje, apenas um sat\u00e9lite opera em banda Ka para o Brasil.<\/p>\n<p>Quando os sat\u00e9lites previstos na licita\u00e7\u00e3o de 2011 entrarem em opera\u00e7\u00e3o, a estimativa da Anatel \u00e9 que a capacidade em banda Ka dispare para 1822 transponders equivalentes, em C passe a 238,5 e em banda Ku v\u00e1 a 302,11 transponders equivalentes de 36 MHz.<\/p>\n<p>A ENTELCO TELECOM est\u00e1 disponibilizando cursos de de diversas tecnologias nas modalidades presencial e telepresencial ( On-Line EaD) ao vivo. Os cursos s\u00e3o disponibilizados com uma certa frequ\u00eancia aos alunos, mesmo aos que n\u00e3o possam participar de um treinamento presencial, poder\u00e3o se inscrever em uma turma On-Line.<\/p>\n<p>Em breve a ENTELCO TELECOM ir\u00e1 oferecer cursos VSAT em bandas Ka para alunos e clientes, a prova ser\u00e1 desenvolvida no idioma portugu\u00eas, juntamente com o material did\u00e1tico, com proposta de formar 200 t\u00e9cnicos certificados ao longo do ano.<\/p>\n<p>As inscri\u00e7\u00f5es podem ser feitas pelo link \u00a0<a title=\"Curso ENTELCO de GPON e FTTx\" href=\"http:\/\/www.entelco.com.br\/cursos\/\" target=\"_blank\">Cursos ENTELCO<\/a><\/p>\n<p>&nbsp;<\/p>\n<p>Por<\/p>\n<p>Reda\u00e7\u00e3o<\/p>\n<p>ENTELCO TELECOM<\/p>\n<p><span style=\"color: #c0c0c0;\">Fonte: Teletime<\/span><\/p>\n<\/div><\/div>","protected":false},"excerpt":{"rendered":"<p>O Governo faz proje\u00e7\u00f5es sobre o potencial crescimento em servi\u00e7os de banda larga via sat\u00e9lite com tecnologia de banda Ka. Os dados foram apresentados durante o Congresso Latino-americano de Sat\u00e9lites, realizado pela Converge esta semana no Rio de Janeiro. A proje\u00e7\u00e3o do Minist\u00e9rio das Comunica\u00e7\u00f5es, conforme a apresenta\u00e7\u00e3o de Andr\u00e9 Moura Gomes, da diretoria de [&hellip;]<\/p>\n","protected":false},"author":1,"featured_media":0,"comment_status":"open","ping_status":"open","sticky":false,"template":"","format":"standard","meta":[],"categories":[11,563,221],"tags":[616,1862,607,53,57,613,611,134,608,422,619,421,62,61,60,118,45,117,139,620,623,622,610,606,617,1860,248,55,133,334,50,51,49,52,48,136,138,424,135,426,137,59,130,132,131,614,415,416,417,621,418,618,612,615,420,58,125,605,56],"_links":{"self":[{"href":"http:\/\/www.entelco.com.br\/blog\/wp-json\/wp\/v2\/posts\/669"}],"collection":[{"href":"http:\/\/www.entelco.com.br\/blog\/wp-json\/wp\/v2\/posts"}],"about":[{"href":"http:\/\/www.entelco.com.br\/blog\/wp-json\/wp\/v2\/types\/post"}],"author":[{"embeddable":true,"href":"http:\/\/www.entelco.com.br\/blog\/wp-json\/wp\/v2\/users\/1"}],"replies":[{"embeddable":true,"href":"http:\/\/www.entelco.com.br\/blog\/wp-json\/wp\/v2\/comments?post=669"}],"version-history":[{"count":5,"href":"http:\/\/www.entelco.com.br\/blog\/wp-json\/wp\/v2\/posts\/669\/revisions"}],"predecessor-version":[{"id":675,"href":"http:\/\/www.entelco.com.br\/blog\/wp-json\/wp\/v2\/posts\/669\/revisions\/675"}],"wp:attachment":[{"href":"http:\/\/www.entelco.com.br\/blog\/wp-json\/wp\/v2\/media?parent=669"}],"wp:term":[{"taxonomy":"category","embeddable":true,"href":"http:\/\/www.entelco.com.br\/blog\/wp-json\/wp\/v2\/categories?post=669"},{"taxonomy":"post_tag","embeddable":true,"href":"http:\/\/www.entelco.com.br\/blog\/wp-json\/wp\/v2\/tags?post=669"}],"curies":[{"name":"wp","href":"https:\/\/api.w.org\/{rel}","templated":true}]}}