{"id":646,"date":"2013-09-01T20:35:19","date_gmt":"2013-09-01T23:35:19","guid":{"rendered":"http:\/\/www.entelco.com.br\/blog\/?p=646"},"modified":"2013-09-01T20:38:16","modified_gmt":"2013-09-01T23:38:16","slug":"agenda-regulatoria-de-20132014-foi-aprovada","status":"publish","type":"post","link":"http:\/\/www.entelco.com.br\/blog\/agenda-regulatoria-de-20132014-foi-aprovada\/","title":{"rendered":"Agenda regulat\u00f3ria de 2013\/2014 foi aprovada pela Anatel."},"content":{"rendered":"<div id=\"dslc-theme-content\"><div id=\"dslc-theme-content-inner\"><p>A Anatel passar\u00e1 a submeter a consulta p\u00fablica todo o seu planejamento regulat\u00f3rio, a partir de de junho do pr\u00f3ximo ano, incluindo a agenda regulat\u00f3ria, ou seja, a rela\u00e7\u00e3o de temas que dever\u00e3o ser regulados. A ideia \u00e9 que haja um processo de valida\u00e7\u00e3o junto \u00e0 sociedade dos temas sobre os quais a ag\u00eancia pretende atuar. A decis\u00e3o de passar esse planejamento referente a 2015\/2016 para o regime de consultas foi ratificada esta semana, quando o conselho diretor da Anatel tamb\u00e9m aprovou a agenda regulat\u00f3ria de 2013\/2014, a ser publicada na pr\u00f3xima semana.<\/p>\n<p>A partir de 2014, a op\u00e7\u00e3o por n\u00e3o fazer a consulta p\u00fablica j\u00e1 deve-se ao fato de que muitos dos itens colocados na agenda j\u00e1 est\u00e3o em andamento (cerca de metade deles j\u00e1 passou inclusive por consulta). A Anatel, contudo, n\u00e3o tem planos de mexer no Plano Geral de Atualiza\u00e7\u00e3o Regulat\u00f3ria (PGR), editado em 2008, mas que n\u00e3o tem sido seguido \u00e0 risca pela ag\u00eancia. A avalia\u00e7\u00e3o \u00e9 que o PGR criou diretrizes gerais, mas o &#8220;timing&#8221; de algumas decis\u00f5es precisa ser permanentemente ajustado.<br \/>\nEm rela\u00e7\u00e3o \u00e0 agenda para 2013\/2014 s\u00e3o os seguintes itens que devem ser colocados para delibera\u00e7\u00e3o da ag\u00eancia, seja na forma de novos regulamentos ou revis\u00e3o dos regulamentos existentes:<\/p>\n<ul>\n<li><span style=\"font-size: 13px; line-height: 19px;\">TEMA 1: ACOMPANHAMENTO<\/span><\/li>\n<li><span style=\"font-size: 13px; line-height: 19px;\">TEMA 2: AMPLIA\u00c7\u00c3O DE ACESSO<\/span><\/li>\n<li><span style=\"font-size: 13px; line-height: 19px;\">TEMA 3: CERTIFICA\u00c7\u00c3O\u00a0<\/span><\/li>\n<\/ul>\n<p style=\"padding-left: 60px;\"><span style=\"font-size: 13px; line-height: 19px;\">* Resolu\u00e7\u00e3o de Transceptores ponto-a-ponto<\/span><\/p>\n<ul>\n<li><span style=\"font-size: 13px; line-height: 19px;\">TEMA 4: COMPETI\u00c7\u00c3O<\/span><\/li>\n<li><span style=\"font-size: 13px; line-height: 19px;\">TEMA 5: CONSUMIDOR<\/span><\/li>\n<li><span style=\"font-size: 13px; line-height: 19px;\">TE<\/span><span style=\"font-size: 13px; line-height: 19px;\">MA 6: MODELO DE PRESTA\u00c7\u00c3O<\/span><\/li>\n<\/ul>\n<p style=\"padding-left: 60px;\"><span style=\"font-size: 13px; line-height: 19px;\">* Norma para Uso de Femtoc\u00e9lulas em redes do SMP, SME e SCM<\/span><br \/>\n<span style=\"font-size: 13px; line-height: 19px;\">* Metodologia para An\u00e1lise de Impacto Regulat\u00f3rio (AIR)<\/span><br \/>\n<span style=\"font-size: 13px; line-height: 19px;\">* Revis\u00e3o dos Contratos de Concess\u00e3o do STFC 2015<\/span><br \/>\n<span style=\"font-size: 13px; line-height: 19px;\">* Regulamento de Tarifa\u00e7\u00e3o e \u00c1reas Locais do STFC (deve rever o modelo de chamadas de longa dist\u00e2ncia)<\/span><br \/>\n<span style=\"font-size: 13px; line-height: 19px;\">* Regulamento do SMP<\/span><\/p>\n<ul>\n<li><span style=\"font-size: 13px; line-height: 19px;\">TEMA 7: PESQUISA E DESENVOLVIMENTO<\/span><\/li>\n<li><span style=\"font-size: 13px; line-height: 19px;\">TEMA 8: PLANEJAMENTO<\/span><\/li>\n<li><span style=\"font-size: 13px; line-height: 19px;\">TEMA 9: QUALIDADE<\/span><\/li>\n<li><span style=\"font-size: 13px; line-height: 19px;\">TEMA 10: RECURSOS ESCASSOS<\/span><\/li>\n<\/ul>\n<p style=\"padding-left: 60px;\"><span style=\"font-size: 13px; line-height: 19px;\">* Regulamento sobre Condi\u00e7\u00f5es de Uso da Radiofrequ\u00eancia 698 MHz a 806 MHz<\/span><br \/>\n<span style=\"font-size: 13px; line-height: 19px;\">* Edital de Licita\u00e7\u00e3o da faixa de 700 MHz<\/span><br \/>\n<span style=\"font-size: 13px; line-height: 19px;\">* Edital de Licita\u00e7\u00e3o para Direito de Explora\u00e7\u00e3o de Sat\u00e9lite Brasileiro<\/span><br \/>\n<span style=\"font-size: 13px; line-height: 19px;\">* Replanejamento dos canais de TV na faixa de 700 MHz<\/span><br \/>\n<span style=\"font-size: 13px; line-height: 19px;\">* Edital de Licita\u00e7\u00e3o para faixas de 300 MHz, 400 MHz e 800 MHz para o SME<\/span><br \/>\n<span style=\"font-size: 13px; line-height: 19px;\">* Regulamento de uso Tempor\u00e1rio de Radiofrequ\u00eancia<\/span><br \/>\n<span style=\"font-size: 13px; line-height: 19px;\">* regulamento de Uso do Espectro<\/span><\/p>\n<ul>\n<li><span style=\"font-size: 13px; line-height: 19px;\">TEMA 11: TRIBUT\u00c1RIO<\/span><\/li>\n<\/ul>\n<p style=\"padding-left: 60px;\">* Regulamento de Parcelamento de Cr\u00e9ditos<\/p>\n<p style=\"padding-left: 60px;\">As consultas p\u00fablicas podem ser feitas diretamente no site da Anatel\u00a0<a href=\"http:\/\/www.anatel.gov.br\/\">http:\/\/www.anatel.gov.br<\/a>\u00a0conforme o assunto de interesse.<\/p>\n<p style=\"padding-left: 30px;\">Por:<\/p>\n<p style=\"padding-left: 30px;\">Reda\u00e7\u00e3o<\/p>\n<p style=\"padding-left: 30px;\">ENTELCO TELECOM<\/p>\n<p style=\"padding-left: 30px;\"><span style=\"color: #c0c0c0;\">Fonte: Teletime<\/span><\/p>\n<\/div><\/div>","protected":false},"excerpt":{"rendered":"<p>A Anatel passar\u00e1 a submeter a consulta p\u00fablica todo o seu planejamento regulat\u00f3rio, a partir de de junho do pr\u00f3ximo ano, incluindo a agenda regulat\u00f3ria, ou seja, a rela\u00e7\u00e3o de temas que dever\u00e3o ser regulados. A ideia \u00e9 que haja um processo de valida\u00e7\u00e3o junto \u00e0 sociedade dos temas sobre os quais a ag\u00eancia pretende [&hellip;]<\/p>\n","protected":false},"author":1,"featured_media":0,"comment_status":"open","ping_status":"open","sticky":false,"template":"","format":"standard","meta":[],"categories":[11,221],"tags":[597,1862,601,600,602,603,226,598,599,240],"_links":{"self":[{"href":"http:\/\/www.entelco.com.br\/blog\/wp-json\/wp\/v2\/posts\/646"}],"collection":[{"href":"http:\/\/www.entelco.com.br\/blog\/wp-json\/wp\/v2\/posts"}],"about":[{"href":"http:\/\/www.entelco.com.br\/blog\/wp-json\/wp\/v2\/types\/post"}],"author":[{"embeddable":true,"href":"http:\/\/www.entelco.com.br\/blog\/wp-json\/wp\/v2\/users\/1"}],"replies":[{"embeddable":true,"href":"http:\/\/www.entelco.com.br\/blog\/wp-json\/wp\/v2\/comments?post=646"}],"version-history":[{"count":9,"href":"http:\/\/www.entelco.com.br\/blog\/wp-json\/wp\/v2\/posts\/646\/revisions"}],"predecessor-version":[{"id":654,"href":"http:\/\/www.entelco.com.br\/blog\/wp-json\/wp\/v2\/posts\/646\/revisions\/654"}],"wp:attachment":[{"href":"http:\/\/www.entelco.com.br\/blog\/wp-json\/wp\/v2\/media?parent=646"}],"wp:term":[{"taxonomy":"category","embeddable":true,"href":"http:\/\/www.entelco.com.br\/blog\/wp-json\/wp\/v2\/categories?post=646"},{"taxonomy":"post_tag","embeddable":true,"href":"http:\/\/www.entelco.com.br\/blog\/wp-json\/wp\/v2\/tags?post=646"}],"curies":[{"name":"wp","href":"https:\/\/api.w.org\/{rel}","templated":true}]}}