{"id":5891,"date":"2019-05-21T08:00:41","date_gmt":"2019-05-21T11:00:41","guid":{"rendered":"http:\/\/www.entelco.com.br\/blog\/?p=5891"},"modified":"2019-05-21T09:18:30","modified_gmt":"2019-05-21T12:18:30","slug":"sinais-opticos-curso-de-medicoes-ftth","status":"publish","type":"post","link":"http:\/\/www.entelco.com.br\/blog\/sinais-opticos-curso-de-medicoes-ftth\/","title":{"rendered":"Sinais \u00d3pticos &#8211; Curso de Medi\u00e7\u00f5es FTTH"},"content":{"rendered":"<div id=\"dslc-theme-content\"><div id=\"dslc-theme-content-inner\"><h2>Medi\u00e7\u00f5es de Sinais \u00d3pticos &#8211; Fa\u00e7a a leitura de sua rede.<\/h2>\n<p>Neste treinamento de Medi\u00e7\u00f5es de Sinais \u00d3pticos abordaremos assuntos espec\u00edficos de Interpreta\u00e7\u00e3o.<\/p>\n<p>Aprenda a ler, avaliar e diagnosticar a sua rede \u00d3ptica.<\/p>\n<p>Fa\u00e7a a avalia\u00e7\u00e3o da sua <a href=\"https:\/\/www.entelco.com.br\/blog\/fibra-optica-curso-de-fusao-cto-e-dio\/\">Infraestrutura de Fibra \u00d3ptica<\/a><\/p>\n<p>Assim, o ponto mais importante de uma rede de Fibra \u00e9 a qualidade dos Sinais \u00d3pticos, no entanto, depende de alguns passos:<\/p>\n<ol>\n<li>O projeto da\u00a0 Rede precisa estar em conformidade;<\/li>\n<li>A Qualidade do Sinal depender\u00e1 da Tecnologia e da manipula\u00e7\u00e3o;<\/li>\n<li>Avalia\u00e7\u00e3o de conclus\u00e3o requer conhecimento e Pr\u00e1tica;<\/li>\n<li>A Solu\u00e7\u00e3o depender\u00e1 dos 3 itens acima e adequa\u00e7\u00e3o de Ativos;<\/li>\n<li>Em resumo, ser\u00e1 um conjunto de conhecimentos pr\u00e1ticos.<\/li>\n<\/ol>\n<h2>Contudo, veja o que voc\u00ea aprender\u00e1 neste Curso de Fibra \u00d3ptica<\/h2>\n<h3>M\u00f3dulo 1 \u2013 UNIDADES DE MEDIDAS EM FIBRAS \u00d3PTICAS<\/h3>\n<ul>\n<li>Unidade de medida dB<\/li>\n<li>Unidade de medida dBm<\/li>\n<li>Soma em subtra\u00e7\u00e3o entre essas unidades<\/li>\n<li>Aplica\u00e7\u00f5es nas redes<\/li>\n<\/ul>\n<p><img decoding=\"async\" loading=\"lazy\" class=\"aligncenter wp-image-5899\" src=\"http:\/\/www.entelco.com.br\/blog\/wp-content\/uploads\/2019\/05\/Sinais-Opticos-1.png\" alt=\"\" width=\"282\" height=\"141\" srcset=\"http:\/\/www.entelco.com.br\/blog\/wp-content\/uploads\/2019\/05\/Sinais-Opticos-1.png 400w, http:\/\/www.entelco.com.br\/blog\/wp-content\/uploads\/2019\/05\/Sinais-Opticos-1-300x150.png 300w, http:\/\/www.entelco.com.br\/blog\/wp-content\/uploads\/2019\/05\/Sinais-Opticos-1-211x106.png 211w\" sizes=\"(max-width: 282px) 100vw, 282px\" \/><\/p>\n<p>Em s\u00edntese, voc\u00ea aprender\u00e1 sinais \u00d3pticos da forma correta.<\/p>\n<p>Mas tamb\u00e9m, ter\u00e1 ideia de propor\u00e7\u00e3o e qualidade \u00f3ptica.<\/p>\n<h3>M\u00f3dulo 2 &#8211;\u00a0OTDR , CONCEITOS B\u00c1SICOS, CONFIGURA\u00c7\u00c3O E TESTES<\/h3>\n<ul>\n<li>Introdu\u00e7\u00e3o ao OTDR<\/li>\n<li>Aplica\u00e7\u00e3o do OTDR<\/li>\n<li>Princ\u00edpio de funcionamento<\/li>\n<li>Parametriza\u00e7\u00e3o e configura\u00e7\u00f5es<\/li>\n<li>Largura de pulso<\/li>\n<li>Dura\u00e7\u00e3o do pulso<\/li>\n<li>Tempo de medida<\/li>\n<li>Visualiza\u00e7\u00e3o em tempo real<\/li>\n<li>Limite de leitura de atenua\u00e7\u00e3o<\/li>\n<li>Tipos de eventos detectados pelo OTDR<\/li>\n<li>Eventos n\u00e3o reflexivos<\/li>\n<li>Emenda por fus\u00e3o<\/li>\n<li>Curvatura na fibra<\/li>\n<li>Eventos reflexivos<\/li>\n<li>Emenda mec\u00e2nica<\/li>\n<li>Conectores<\/li>\n<li>Zona Morta<\/li>\n<li>Zona morta de evento<\/li>\n<li>Zona morta de atenua\u00e7\u00e3o<\/li>\n<li>An\u00e1lise visual da curva do OTDR<\/li>\n<li>An\u00e1lise da tabela de eventos fornecida pelo OTDR<\/li>\n<li>Procedimento de testes<\/li>\n<\/ul>\n<p>&nbsp;<\/p>\n<p><img decoding=\"async\" loading=\"lazy\" class=\"aligncenter wp-image-5901\" title=\"Sinais \u00d3pticos\" src=\"http:\/\/www.entelco.com.br\/blog\/wp-content\/uploads\/2019\/05\/Sinais-Opticos-3-1024x768.jpg\" alt=\"Sinais \u00d3pticos\" width=\"336\" height=\"252\" srcset=\"http:\/\/www.entelco.com.br\/blog\/wp-content\/uploads\/2019\/05\/Sinais-Opticos-3-1024x768.jpg 1024w, http:\/\/www.entelco.com.br\/blog\/wp-content\/uploads\/2019\/05\/Sinais-Opticos-3-300x225.jpg 300w, http:\/\/www.entelco.com.br\/blog\/wp-content\/uploads\/2019\/05\/Sinais-Opticos-3-768x576.jpg 768w, http:\/\/www.entelco.com.br\/blog\/wp-content\/uploads\/2019\/05\/Sinais-Opticos-3-211x158.jpg 211w, http:\/\/www.entelco.com.br\/blog\/wp-content\/uploads\/2019\/05\/Sinais-Opticos-3.jpg 1600w\" sizes=\"(max-width: 336px) 100vw, 336px\" \/><\/p>\n<p>Em resumo, ser\u00e3o explanados t\u00f3picos do dia a dia.<\/p>\n<p>Bem como c\u00e1lculos e convers\u00f5es destas unidades.<\/p>\n<p>&nbsp;<\/p>\n<h3>M\u00f3dulo 3 &#8211; FONTE DE LUZ E MEDIDOR DE POT\u00caNCIA<\/h3>\n<ul>\n<li>Introdu\u00e7\u00e3o ao Medidor de Pot\u00eancia \u2013 Power Meter<\/li>\n<li>Configura\u00e7\u00f5es do instrumento<\/li>\n<li>Procedimento para medida de pot\u00eancia<\/li>\n<li>Procedimento para medida de atenua\u00e7\u00e3o<\/li>\n<li>Introdu\u00e7\u00e3o \u00e0 fonte de luz<\/li>\n<li>Configura\u00e7\u00e3o do instrumento<\/li>\n<li>Procedimentos de testes<img decoding=\"async\" loading=\"lazy\" class=\"wp-image-5903 size-full aligncenter\" title=\"Sinais \u00d3pticos\" src=\"http:\/\/www.entelco.com.br\/blog\/wp-content\/uploads\/2019\/05\/sinal-optico-5.png\" alt=\"Sinais \u00d3pticos\" width=\"250\" height=\"167\" srcset=\"http:\/\/www.entelco.com.br\/blog\/wp-content\/uploads\/2019\/05\/sinal-optico-5.png 250w, http:\/\/www.entelco.com.br\/blog\/wp-content\/uploads\/2019\/05\/sinal-optico-5-211x141.png 211w\" sizes=\"(max-width: 250px) 100vw, 250px\" \/><\/li>\n<\/ul>\n<p><img decoding=\"async\" loading=\"lazy\" class=\"wp-image-5900 aligncenter\" title=\"Sinais \u00d3pticos\" src=\"http:\/\/www.entelco.com.br\/blog\/wp-content\/uploads\/2019\/05\/Sinais-\u00d3pticos-2.jpg\" alt=\"Sinais \u00d3pticos\" width=\"278\" height=\"278\" srcset=\"http:\/\/www.entelco.com.br\/blog\/wp-content\/uploads\/2019\/05\/Sinais-\u00d3pticos-2.jpg 700w, http:\/\/www.entelco.com.br\/blog\/wp-content\/uploads\/2019\/05\/Sinais-\u00d3pticos-2-150x150.jpg 150w, http:\/\/www.entelco.com.br\/blog\/wp-content\/uploads\/2019\/05\/Sinais-\u00d3pticos-2-300x300.jpg 300w, http:\/\/www.entelco.com.br\/blog\/wp-content\/uploads\/2019\/05\/Sinais-\u00d3pticos-2-171x171.jpg 171w\" sizes=\"(max-width: 278px) 100vw, 278px\" \/><\/p>\n<p>Ent\u00e3o, voc\u00ea aprender\u00e1 como identificar as pot\u00eancias \u00f3pticas.<\/p>\n<p>Em primeiro lugar est\u00e1 a qualidade da rede.<\/p>\n<p>E em segundo lugar est\u00e1 o trabalho que teremos com a montagem e execu\u00e7\u00e3o dos\u00a0 passos.<\/p>\n<h2>M\u00f3dulo 3 &#8211;\u00a0PR\u00c1TICAS DE MEDI\u00c7\u00d5ES<\/h2>\n<ul>\n<li>Procedimentos para medi\u00e7\u00f5es com Power Meter<\/li>\n<li>Verifica\u00e7\u00e3o da aferi\u00e7\u00e3o do Power Meter.<\/li>\n<li>Procedimento de medidas com OTDR<\/li>\n<li>Medida de dist\u00e2ncia<\/li>\n<li>Medida de atenua\u00e7\u00e3o<\/li>\n<li>Identifica\u00e7\u00e3o do tipo de evento na fibra<\/li>\n<li>Dist\u00e2ncia entre eventos sucessivos<\/li>\n<\/ul>\n<p><img decoding=\"async\" loading=\"lazy\" class=\"aligncenter wp-image-5902\" title=\"Sinais \u00d3pticos\" src=\"http:\/\/www.entelco.com.br\/blog\/wp-content\/uploads\/2019\/05\/Sinais-Opticos-4-586x1024.jpg\" alt=\"Sinais \u00d3pticos\" width=\"206\" height=\"360\" srcset=\"http:\/\/www.entelco.com.br\/blog\/wp-content\/uploads\/2019\/05\/Sinais-Opticos-4-586x1024.jpg 586w, http:\/\/www.entelco.com.br\/blog\/wp-content\/uploads\/2019\/05\/Sinais-Opticos-4-172x300.jpg 172w, http:\/\/www.entelco.com.br\/blog\/wp-content\/uploads\/2019\/05\/Sinais-Opticos-4-98x171.jpg 98w, http:\/\/www.entelco.com.br\/blog\/wp-content\/uploads\/2019\/05\/Sinais-Opticos-4.jpg 701w\" sizes=\"(max-width: 206px) 100vw, 206px\" \/><\/p>\n<p>Al\u00e9m disso, ser\u00e1 poss\u00edvel efetuar testes durante a aula.<\/p>\n<p>Em suma, o curso trar\u00e1 as melhores pr\u00e1ticas do dia a dia.<\/p>\n<p>Tudo isto com a finalidade de adequar a estrutura f\u00edsica da rede ao melhor cen\u00e1rio de qualidade.<\/p>\n<h2>Como fazer este Curso de Medi\u00e7\u00f5es de Sinais \u00d3pticos?<\/h2>\n<p>A ENTELCO TELECOM oferece um curso Completo e Pr\u00e1tico de Medi\u00e7\u00f5es de Sinais em Fibra \u00d3ptica, basta acessar ao link do curso e reservar a sua inscri\u00e7\u00e3o.<\/p>\n<p>Portanto, fa\u00e7a o\u00a0<a href=\"https:\/\/www.entelco.com.br\/curso-pratico-medicoes-de-fibra-optica-ptp-e-ftth-gpon\">Curso Pr\u00e1tico de Medi\u00e7\u00f5es de Fibra \u00d3ptica e Sinais \u00d3pticos para\u00a0 GPON, FTTH e Ponto a Ponto<\/a><\/p>\n<p>A ENTELCO conta com uma equipe especializada de engenheiros e mestres em Telecomunica\u00e7\u00f5es para ensinar voc\u00ea e a sua equipe.<\/p>\n<p>Ali\u00e1s, n\u00e3o perca esta oportunidade.<\/p>\n<p>ENTELCO TELECOM<\/p>\n<p>&nbsp;<\/p>\n<p>&nbsp;<\/p>\n<\/div><\/div>","protected":false},"excerpt":{"rendered":"<p>Medi\u00e7\u00f5es de Sinais \u00d3pticos &#8211; Fa\u00e7a a leitura de sua rede. Neste treinamento de Medi\u00e7\u00f5es de Sinais \u00d3pticos abordaremos assuntos espec\u00edficos de Interpreta\u00e7\u00e3o. Aprenda a ler, avaliar e diagnosticar a sua rede \u00d3ptica. Fa\u00e7a a avalia\u00e7\u00e3o da sua Infraestrutura de Fibra \u00d3ptica Assim, o ponto mais importante de uma rede de Fibra \u00e9 a qualidade [&hellip;]<\/p>\n","protected":false},"author":1,"featured_media":0,"comment_status":"open","ping_status":"open","sticky":false,"template":"","format":"standard","meta":[],"categories":[47,563,221],"tags":[1753,2483,2486,2429,61,45,2487,2485,2484,2482],"_links":{"self":[{"href":"http:\/\/www.entelco.com.br\/blog\/wp-json\/wp\/v2\/posts\/5891"}],"collection":[{"href":"http:\/\/www.entelco.com.br\/blog\/wp-json\/wp\/v2\/posts"}],"about":[{"href":"http:\/\/www.entelco.com.br\/blog\/wp-json\/wp\/v2\/types\/post"}],"author":[{"embeddable":true,"href":"http:\/\/www.entelco.com.br\/blog\/wp-json\/wp\/v2\/users\/1"}],"replies":[{"embeddable":true,"href":"http:\/\/www.entelco.com.br\/blog\/wp-json\/wp\/v2\/comments?post=5891"}],"version-history":[{"count":15,"href":"http:\/\/www.entelco.com.br\/blog\/wp-json\/wp\/v2\/posts\/5891\/revisions"}],"predecessor-version":[{"id":5919,"href":"http:\/\/www.entelco.com.br\/blog\/wp-json\/wp\/v2\/posts\/5891\/revisions\/5919"}],"wp:attachment":[{"href":"http:\/\/www.entelco.com.br\/blog\/wp-json\/wp\/v2\/media?parent=5891"}],"wp:term":[{"taxonomy":"category","embeddable":true,"href":"http:\/\/www.entelco.com.br\/blog\/wp-json\/wp\/v2\/categories?post=5891"},{"taxonomy":"post_tag","embeddable":true,"href":"http:\/\/www.entelco.com.br\/blog\/wp-json\/wp\/v2\/tags?post=5891"}],"curies":[{"name":"wp","href":"https:\/\/api.w.org\/{rel}","templated":true}]}}