{"id":5878,"date":"2019-05-18T08:30:22","date_gmt":"2019-05-18T11:30:22","guid":{"rendered":"http:\/\/www.entelco.com.br\/blog\/?p=5878"},"modified":"2019-05-20T22:19:07","modified_gmt":"2019-05-21T01:19:07","slug":"fibra-optica-curso-de-fusao-cto-e-dio","status":"publish","type":"post","link":"http:\/\/www.entelco.com.br\/blog\/fibra-optica-curso-de-fusao-cto-e-dio\/","title":{"rendered":"Fibra \u00d3ptica &#8211; Curso de Fus\u00e3o, CTO e DIO"},"content":{"rendered":"<div id=\"dslc-theme-content\"><div id=\"dslc-theme-content-inner\"><h2>Fibra \u00d3ptica, Curso de Fus\u00e3o e montagem de CE, CTO e DIO<\/h2>\n<p>Fazendo este <a href=\"http:\/\/cursodefibra.com.br\">curso de Fibra \u00d3ptica<\/a> voc\u00ea aprende a montar uma rede por conta pr\u00f3pria.<\/p>\n<p>Contudo, cursos Fibra \u00d3ptica de <a href=\"https:\/\/www.entelco.com.br\/projetos-gpon-fttx\">Redes GPON, FTTx<\/a> ou Ponto a Ponto<\/p>\n<p>Sendo assim, aprenda como funciona os sinais \u00d3pticos neste curso de Fibra \u00d3ptica e como manipular todos os elementos.<\/p>\n<p>No entanto, a tecnologia atualmente que mais cresce no mercado de Telecomunica\u00e7\u00f5es \u00e9 voltado a transmiss\u00f5es \u00f3pticas.<\/p>\n<p>Al\u00e9m disso, todas as tecnologias FO j\u00e1 transmitem dados na ordem de Terabits por segundos, ou seja, s\u00e3o ultra velocidades.<\/p>\n<p>Saiba como fazer uma rede de Fibra \u00d3ptica:<\/p>\n<ul>\n<li>Nomenclaturas de Fibras;<\/li>\n<li>Tipos de Conectores;<\/li>\n<li>PR\u00c1TICA de Fus\u00e3o;<\/li>\n<li>Montagem de Caixa de Emenda;<\/li>\n<li>Montagem de CTO\u00b4s;<\/li>\n<li>Leitura dos Sinais \u00d3pticos;<\/li>\n<li>Valida\u00e7\u00e3o da Rede \u00d3ptica;<\/li>\n<li>E v\u00e1rias Pr\u00e1ticas em Sala.<\/li>\n<\/ul>\n<div id=\"attachment_5882\" style=\"width: 459px\" class=\"wp-caption aligncenter\"><img aria-describedby=\"caption-attachment-5882\" decoding=\"async\" loading=\"lazy\" class=\"wp-image-5882\" title=\"Fibra \u00d3ptica\" src=\"http:\/\/www.entelco.com.br\/blog\/wp-content\/uploads\/2019\/05\/Fibra-Optica-1.png\" alt=\"Fibra \u00d3ptica\" width=\"449\" height=\"409\" srcset=\"http:\/\/www.entelco.com.br\/blog\/wp-content\/uploads\/2019\/05\/Fibra-Optica-1.png 938w, http:\/\/www.entelco.com.br\/blog\/wp-content\/uploads\/2019\/05\/Fibra-Optica-1-300x273.png 300w, http:\/\/www.entelco.com.br\/blog\/wp-content\/uploads\/2019\/05\/Fibra-Optica-1-768x699.png 768w, http:\/\/www.entelco.com.br\/blog\/wp-content\/uploads\/2019\/05\/Fibra-Optica-1-188x171.png 188w\" sizes=\"(max-width: 449px) 100vw, 449px\" \/><p id=\"caption-attachment-5882\" class=\"wp-caption-text\">Curso de Fibra \u00d3ptica<\/p><\/div>\n<h2><\/h2>\n<h2>Entenda tudo o que voc\u00ea aprender\u00e1 neste Curso de Fibra \u00d3ptica<\/h2>\n<h3>Parte 1- Conceito e Padr\u00f5es de Fibras \u00d3pticas<\/h3>\n<p>*\u00a0Introdu\u00e7\u00e3o * Caracter\u00edsticas f\u00edsicas *\u00a0Composi\u00e7\u00e3o Material *\u00a0Geometria\u00a0*\u00a0Propaga\u00e7\u00e3o da luz na fibra<\/p>\n<p>*\u00a0Principio da refra\u00e7\u00e3o\u00a0*\u00a0Principio da reflex\u00e3o total*\u00a0\u00a0\u00cdndice de refra\u00e7\u00e3o *\u00a0Modos de propaga\u00e7\u00e3o *\u00a0Tipos de fibras \u00f3pticas<\/p>\n<p>*\u00a0Fibras multimodo\u00a0*\u00a0Fibras monomodo *\u00a0Atenua\u00e7\u00e3o\u00a0*\u00a0Capacidade de transmiss\u00e3o ( Largura de Banda )<\/p>\n<p>*\u00a0Comprimentos de onda de opera\u00e7\u00e3o\u00a0*\u00a0Cabos \u00d3pticos\u00a0*\u00a0Numera\u00e7\u00e3o e cores das fibras nos cabos<\/p>\n<p>*\u00a0Cabos \u00f3pticos para instala\u00e7\u00f5es subterr\u00e2neas\u00a0*\u00a0Cabos \u00f3pticos para instala\u00e7\u00f5es a\u00e9reas\u00a0*\u00a0Nomenclatura dos cabos \u00f3pticos<\/p>\n<p>*\u00a0Splitters\u00a0*\u00a0Splitters balanceados\u00a0* Splitters desbalanceados<\/p>\n<p>*\u00a0Emendas em fibras *\u00a0Emenda por fus\u00e3o\u00a0*\u00a0Emenda mec\u00e2nica<\/p>\n<p>*\u00a0Distribuidores \u00f3pticos *\u00a0Caixas de emenda * Al\u00e9m disso Caixas de termina\u00e7\u00e3o \u00f3ptico<\/p>\n<div id=\"attachment_5760\" style=\"width: 322px\" class=\"wp-caption aligncenter\"><img aria-describedby=\"caption-attachment-5760\" decoding=\"async\" loading=\"lazy\" class=\"wp-image-5760\" title=\"Fibra \u00d3ptica\" src=\"http:\/\/www.entelco.com.br\/blog\/wp-content\/uploads\/2019\/01\/Curso-de-Fibra-Optica-3.jpg\" alt=\"Fibra \u00d3ptica\" width=\"312\" height=\"312\" srcset=\"http:\/\/www.entelco.com.br\/blog\/wp-content\/uploads\/2019\/01\/Curso-de-Fibra-Optica-3.jpg 800w, http:\/\/www.entelco.com.br\/blog\/wp-content\/uploads\/2019\/01\/Curso-de-Fibra-Optica-3-150x150.jpg 150w, http:\/\/www.entelco.com.br\/blog\/wp-content\/uploads\/2019\/01\/Curso-de-Fibra-Optica-3-300x300.jpg 300w, http:\/\/www.entelco.com.br\/blog\/wp-content\/uploads\/2019\/01\/Curso-de-Fibra-Optica-3-768x768.jpg 768w, http:\/\/www.entelco.com.br\/blog\/wp-content\/uploads\/2019\/01\/Curso-de-Fibra-Optica-3-171x171.jpg 171w\" sizes=\"(max-width: 312px) 100vw, 312px\" \/><p id=\"caption-attachment-5760\" class=\"wp-caption-text\">Curso de Fibra \u00d3ptica<\/p><\/div>\n<h3>Parte\u00a0 2 &#8211; Conceito sobre Redes \u00d3pticas GPON FTTH<\/h3>\n<p>*\u00a0No\u00e7\u00f5es b\u00e1sicas de uma rede com fibras \u00f3pticas\u00a0*\u00a0Rede \u00f3ptica ponto a ponto P2P *\u00a0Rede \u00f3ptica ponto multiponto PMP<\/p>\n<p>*\u00a0Redes de transporte\u00a0*\u00a0Rede de acesso\u00a0*\u00a0Redes de acesso via fibra \u00f3ptica e cabo coaxial\u00a0\u00a0\u00a0*\u00a0Redes de acesso via fibra \u00f3ptica<\/p>\n<p>*\u00a0Rede \u00d3ptica Passiva \u2013 PON\u00a0*\u00a0Caracter\u00edsticas da rede EPON &#8211; Ethernet Passive Optical Network *\u00a0Caracter\u00edsticas da rede GPON &#8211; Gigabit Passive Optical Network<\/p>\n<p>*\u00a0Topologia da rede PON\u00a0*\u00a0Arquiteturas da rede PON\u00a0*\u00a0Solu\u00e7\u00e3o FTTB \u2013 Fibra at\u00e9 o Pr\u00e9dio<\/p>\n<p>*\u00a0Solu\u00e7\u00e3o FTTC \u2013 Fibra at\u00e9 o Arm\u00e1rio\u00a0*\u00a0Solu\u00e7\u00e3o FTTN \u2013 Fibra at\u00e9 o N\u00f3\u00a0*\u00a0Solu\u00e7\u00e3o FTTH \u2013 Fibra at\u00e9 a Casa<\/p>\n<p>*\u00a0Componentes principais da arquitetura PON\u00a0*\u00a0OLT \u2013 Optical Line Terminal\u00a0*\u00a0ONU \u2013 Optical Network Unit\u00a0*\u00a0Splitter, divisor \u00f3ptico passivo<\/p>\n<p>*\u00a0Drop \u00f3ptico\u00a0*\u00a0Drop do tipo Figura de 5mm\u00a0*\u00a0Drop do tipo Low Friction de 5m\u00a0*\u00a0Drop com dimens\u00e3o de 3mm<\/p>\n<div id=\"attachment_5764\" style=\"width: 359px\" class=\"wp-caption aligncenter\"><img aria-describedby=\"caption-attachment-5764\" decoding=\"async\" loading=\"lazy\" class=\"wp-image-5764\" title=\"Fibra \u00d3ptica\" src=\"http:\/\/www.entelco.com.br\/blog\/wp-content\/uploads\/2019\/01\/Curso-de-Fibra-Optica-7.jpg\" alt=\"Fibra \u00d3ptica\" width=\"349\" height=\"262\" srcset=\"http:\/\/www.entelco.com.br\/blog\/wp-content\/uploads\/2019\/01\/Curso-de-Fibra-Optica-7.jpg 480w, http:\/\/www.entelco.com.br\/blog\/wp-content\/uploads\/2019\/01\/Curso-de-Fibra-Optica-7-300x225.jpg 300w, http:\/\/www.entelco.com.br\/blog\/wp-content\/uploads\/2019\/01\/Curso-de-Fibra-Optica-7-211x158.jpg 211w\" sizes=\"(max-width: 349px) 100vw, 349px\" \/><p id=\"caption-attachment-5764\" class=\"wp-caption-text\">Curso de Fibra \u00d3ptica<\/p><\/div>\n<p><img decoding=\"async\" loading=\"lazy\" class=\"aligncenter wp-image-5881\" src=\"http:\/\/www.entelco.com.br\/blog\/wp-content\/uploads\/2019\/05\/Fibra-Optica-3-1-1024x790.png\" alt=\"\" width=\"339\" height=\"262\" srcset=\"http:\/\/www.entelco.com.br\/blog\/wp-content\/uploads\/2019\/05\/Fibra-Optica-3-1-1024x790.png 1024w, http:\/\/www.entelco.com.br\/blog\/wp-content\/uploads\/2019\/05\/Fibra-Optica-3-1-300x232.png 300w, http:\/\/www.entelco.com.br\/blog\/wp-content\/uploads\/2019\/05\/Fibra-Optica-3-1-768x593.png 768w, http:\/\/www.entelco.com.br\/blog\/wp-content\/uploads\/2019\/05\/Fibra-Optica-3-1-211x163.png 211w, http:\/\/www.entelco.com.br\/blog\/wp-content\/uploads\/2019\/05\/Fibra-Optica-3-1.png 1113w\" sizes=\"(max-width: 339px) 100vw, 339px\" \/><\/p>\n<h3>Parte 3 &#8211; Atividades Pr\u00e1ticas<\/h3>\n<p>*\u00a0Fus\u00e3o de Fibras\u00a0*\u00a0Conectoriza\u00e7\u00e3o\u00a0*\u00a0Emendas Mec\u00e2nicas\u00a0*\u00a0Montagem de DIO<\/p>\n<p>*\u00a0Montagem de Caixa de emenda\u00a0*\u00a0Montagem de CTO<\/p>\n<p>Obs : Dessa forma ser\u00e3o desenvolvidas atividades espec\u00edficas para cada uma das atividades pr\u00e1ticas.<\/p>\n<div id=\"attachment_5880\" style=\"width: 385px\" class=\"wp-caption aligncenter\"><img aria-describedby=\"caption-attachment-5880\" decoding=\"async\" loading=\"lazy\" class=\"wp-image-5880\" title=\"Fibra \u00d3ptica\" src=\"http:\/\/www.entelco.com.br\/blog\/wp-content\/uploads\/2019\/05\/Fibra-Optica-2-1024x669.png\" alt=\"Fibra \u00d3ptica\" width=\"375\" height=\"245\" srcset=\"http:\/\/www.entelco.com.br\/blog\/wp-content\/uploads\/2019\/05\/Fibra-Optica-2-1024x669.png 1024w, http:\/\/www.entelco.com.br\/blog\/wp-content\/uploads\/2019\/05\/Fibra-Optica-2-300x196.png 300w, http:\/\/www.entelco.com.br\/blog\/wp-content\/uploads\/2019\/05\/Fibra-Optica-2-768x502.png 768w, http:\/\/www.entelco.com.br\/blog\/wp-content\/uploads\/2019\/05\/Fibra-Optica-2-211x138.png 211w, http:\/\/www.entelco.com.br\/blog\/wp-content\/uploads\/2019\/05\/Fibra-Optica-2.png 1107w\" sizes=\"(max-width: 375px) 100vw, 375px\" \/><p id=\"caption-attachment-5880\" class=\"wp-caption-text\">Curso de Fibra \u00d3ptica<\/p><\/div>\n<div id=\"attachment_5762\" style=\"width: 389px\" class=\"wp-caption aligncenter\"><img aria-describedby=\"caption-attachment-5762\" decoding=\"async\" loading=\"lazy\" class=\"Fibra \u00d3ptica wp-image-5762\" title=\"Fibra \u00d3ptica\" src=\"http:\/\/www.entelco.com.br\/blog\/wp-content\/uploads\/2019\/01\/Curso-de-Fibra-Optica-5-1024x576.jpg\" alt=\"Curso de Fibra \u00d3ptica\" width=\"379\" height=\"213\" srcset=\"http:\/\/www.entelco.com.br\/blog\/wp-content\/uploads\/2019\/01\/Curso-de-Fibra-Optica-5-1024x576.jpg 1024w, http:\/\/www.entelco.com.br\/blog\/wp-content\/uploads\/2019\/01\/Curso-de-Fibra-Optica-5-300x169.jpg 300w, http:\/\/www.entelco.com.br\/blog\/wp-content\/uploads\/2019\/01\/Curso-de-Fibra-Optica-5-768x432.jpg 768w, http:\/\/www.entelco.com.br\/blog\/wp-content\/uploads\/2019\/01\/Curso-de-Fibra-Optica-5-211x119.jpg 211w, http:\/\/www.entelco.com.br\/blog\/wp-content\/uploads\/2019\/01\/Curso-de-Fibra-Optica-5.jpg 1280w\" sizes=\"(max-width: 379px) 100vw, 379px\" \/><p id=\"caption-attachment-5762\" class=\"wp-caption-text\">Curso de Fibra \u00d3ptica<\/p><\/div>\n<h2>Onde posso fazer este Curso de Fibra \u00d3ptica?<\/h2>\n<p>N\u00f3s da ENTELCO TELECOM afinal, oferecemos um curso Completo e Pr\u00e1tico de Fibra \u00d3ptica<\/p>\n<p>\u00c9 simples, basta acessar ao link do curso e reservar a sua inscri\u00e7\u00e3o.<\/p>\n<p><a href=\"https:\/\/www.entelco.com.br\/curso-pratico-infraestrutura-fibra-optica-ptp-fttx\">Curso Pr\u00e1tico de Rede \u00d3ptica, infraestrutura de Redes GPON, FTTh e Ponto a Ponto<\/a><\/p>\n<p>A princ\u00edpio, voc\u00ea tamb\u00e9m pode seguir com o conhecimento aprendendo o curso de Medi\u00e7\u00f5es.<\/p>\n<p>Neste curso voc\u00ea aprender\u00e1 a parte de Leitura de sinais e medi\u00e7\u00f5es de Sinais \u00d3pticos.<\/p>\n<p><a href=\"https:\/\/www.entelco.com.br\/curso-pratico-medicoes-de-fibra-optica-ptp-e-ftth-gpon\">Pois o Curso Pr\u00e1tico de Medi\u00e7\u00f5es de Rede \u00d3pticas PTP e GPON (FTTH) \u00e9 din\u00e2mico<\/a><\/p>\n<p>Contamos com uma equipe especializada de engenheiros e mestres em Telecomunica\u00e7\u00f5es para ensinar voc\u00ea e a sua equipe.<\/p>\n<p>Em resumo, venha fazer parte deste mercado.<\/p>\n<p>Ainda assim, aprenda a tecnologia que mais cresce no mundo todo<\/p>\n<p>Reda\u00e7\u00e3o<\/p>\n<p>ENTELCO TELECOM<\/p>\n<p>&nbsp;<\/p>\n<p>&nbsp;<\/p>\n<\/div><\/div>","protected":false},"excerpt":{"rendered":"<p>Fibra \u00d3ptica, Curso de Fus\u00e3o e montagem de CE, CTO e DIO Fazendo este curso de Fibra \u00d3ptica voc\u00ea aprende a montar uma rede por conta pr\u00f3pria. Contudo, cursos Fibra \u00d3ptica de Redes GPON, FTTx ou Ponto a Ponto Sendo assim, aprenda como funciona os sinais \u00d3pticos neste curso de Fibra \u00d3ptica e como manipular [&hellip;]<\/p>\n","protected":false},"author":1,"featured_media":0,"comment_status":"open","ping_status":"open","sticky":false,"template":"","format":"standard","meta":[],"categories":[47,563,1923,221],"tags":[2490,1753,608,2481,45,2488,2489,334,2464,1864,2480],"_links":{"self":[{"href":"http:\/\/www.entelco.com.br\/blog\/wp-json\/wp\/v2\/posts\/5878"}],"collection":[{"href":"http:\/\/www.entelco.com.br\/blog\/wp-json\/wp\/v2\/posts"}],"about":[{"href":"http:\/\/www.entelco.com.br\/blog\/wp-json\/wp\/v2\/types\/post"}],"author":[{"embeddable":true,"href":"http:\/\/www.entelco.com.br\/blog\/wp-json\/wp\/v2\/users\/1"}],"replies":[{"embeddable":true,"href":"http:\/\/www.entelco.com.br\/blog\/wp-json\/wp\/v2\/comments?post=5878"}],"version-history":[{"count":10,"href":"http:\/\/www.entelco.com.br\/blog\/wp-json\/wp\/v2\/posts\/5878\/revisions"}],"predecessor-version":[{"id":5898,"href":"http:\/\/www.entelco.com.br\/blog\/wp-json\/wp\/v2\/posts\/5878\/revisions\/5898"}],"wp:attachment":[{"href":"http:\/\/www.entelco.com.br\/blog\/wp-json\/wp\/v2\/media?parent=5878"}],"wp:term":[{"taxonomy":"category","embeddable":true,"href":"http:\/\/www.entelco.com.br\/blog\/wp-json\/wp\/v2\/categories?post=5878"},{"taxonomy":"post_tag","embeddable":true,"href":"http:\/\/www.entelco.com.br\/blog\/wp-json\/wp\/v2\/tags?post=5878"}],"curies":[{"name":"wp","href":"https:\/\/api.w.org\/{rel}","templated":true}]}}