{"id":5757,"date":"2019-01-10T08:00:16","date_gmt":"2019-01-10T11:00:16","guid":{"rendered":"http:\/\/www.entelco.com.br\/blog\/?p=5757"},"modified":"2019-01-28T16:14:41","modified_gmt":"2019-01-28T19:14:41","slug":"curso-de-fibra-optica-da-fusao-a-infraestrutura","status":"publish","type":"post","link":"http:\/\/www.entelco.com.br\/blog\/curso-de-fibra-optica-da-fusao-a-infraestrutura\/","title":{"rendered":"Curso de Fibra \u00d3ptica, da Fus\u00e3o \u00e0 Infraestrutura."},"content":{"rendered":"<div id=\"dslc-theme-content\"><div id=\"dslc-theme-content-inner\"><h2>Curso Pr\u00e1tico de Fibra \u00d3ptica, Fus\u00e3o, Caixas e Emendas<\/h2>\n<p>Fa\u00e7a este Curso de Fibra \u00d3ptica e aprenda a montar uma rede voc\u00ea mesmo. Fibra \u00d3ptica de <a href=\"https:\/\/www.entelco.com.br\/projetos-gpon-fttx\">Redes GPON, FTTx<\/a> ou Ponto a Ponto<\/p>\n<p>Entenda como funciona os sinais \u00d3pticos neste curso de Fibra \u00d3ptica e como manipular todos os elementos.<\/p>\n<p>Atualmente a tecnologia que mais cresce no mercado de Telecomunica\u00e7\u00f5es \u00e9 voltado a transmiss\u00f5es \u00f3pticas.<\/p>\n<p>As tecnologias j\u00e1 transmitem dados na ordem de Terabits por segundos, ou seja, s\u00e3o ultra velocidades.<\/p>\n<p>Aprenda a fazer uma rede de Fibra \u00d3ptica desde os:<\/p>\n<ul>\n<li>Tipos de Fibras;<\/li>\n<li>Conectores;<\/li>\n<li>Fus\u00e3o da Fibra;<\/li>\n<li>Montagem de Caixa de Emenda;<\/li>\n<li>Montagem de CTO\u00b4s;<\/li>\n<li>Leitura dos Sinais \u00d3pticos;<\/li>\n<li>Valida\u00e7\u00e3o da Rede \u00d3ptica;<\/li>\n<li>Entre v\u00e1rias Pr\u00e1ticas.<\/li>\n<\/ul>\n<div id=\"attachment_5759\" style=\"width: 502px\" class=\"wp-caption aligncenter\"><img aria-describedby=\"caption-attachment-5759\" decoding=\"async\" loading=\"lazy\" class=\"wp-image-5759\" title=\"Curso de Fibra \u00d3ptica\" src=\"http:\/\/www.entelco.com.br\/blog\/wp-content\/uploads\/2019\/01\/Curso-de-Fibra-Optica-2.jpg\" alt=\"Curso de Fibra \u00d3ptica\" width=\"492\" height=\"369\" srcset=\"http:\/\/www.entelco.com.br\/blog\/wp-content\/uploads\/2019\/01\/Curso-de-Fibra-Optica-2.jpg 960w, http:\/\/www.entelco.com.br\/blog\/wp-content\/uploads\/2019\/01\/Curso-de-Fibra-Optica-2-300x225.jpg 300w, http:\/\/www.entelco.com.br\/blog\/wp-content\/uploads\/2019\/01\/Curso-de-Fibra-Optica-2-768x576.jpg 768w, http:\/\/www.entelco.com.br\/blog\/wp-content\/uploads\/2019\/01\/Curso-de-Fibra-Optica-2-211x158.jpg 211w\" sizes=\"(max-width: 492px) 100vw, 492px\" \/><p id=\"caption-attachment-5759\" class=\"wp-caption-text\">Curso de Fibra \u00d3ptica<\/p><\/div>\n<h2>Saiba tudo o que voc\u00ea ver\u00e1 neste Curso de Fibra \u00d3ptica<\/h2>\n<h3>M\u00f3dulo 1 \u2013 Conceito sobre Fibras \u00d3pticas<\/h3>\n<p>*\u00a0Introdu\u00e7\u00e3o * Caracter\u00edsticas f\u00edsicas *\u00a0Composi\u00e7\u00e3o Material *\u00a0Geometria\u00a0*\u00a0Propaga\u00e7\u00e3o da luz na fibra<\/p>\n<p>*\u00a0Principio da refra\u00e7\u00e3o\u00a0*\u00a0Principio da reflex\u00e3o total*\u00a0\u00a0\u00cdndice de refra\u00e7\u00e3o *\u00a0Modos de propaga\u00e7\u00e3o *\u00a0Tipos de fibras \u00f3pticas<\/p>\n<p>*\u00a0Fibras multimodo\u00a0*\u00a0Fibras monomodo *\u00a0Atenua\u00e7\u00e3o\u00a0*\u00a0Capacidade de transmiss\u00e3o ( Largura de Banda )<\/p>\n<p>*\u00a0Comprimentos de onda de opera\u00e7\u00e3o\u00a0*\u00a0Cabos \u00d3pticos\u00a0*\u00a0Numera\u00e7\u00e3o e cores das fibras nos cabos<\/p>\n<p>*\u00a0Cabos \u00f3pticos para instala\u00e7\u00f5es subterr\u00e2neas\u00a0*\u00a0Cabos \u00f3pticos para instala\u00e7\u00f5es a\u00e9reas\u00a0*\u00a0Nomenclatura dos cabos \u00f3pticos<\/p>\n<p>*\u00a0Splitters\u00a0*\u00a0Splitters balanceados\u00a0* Splitters desbalanceados<\/p>\n<p>*\u00a0Emendas em fibras *\u00a0Emenda por fus\u00e3o\u00a0*\u00a0Emenda mec\u00e2nica<\/p>\n<p>*\u00a0Distribuidores \u00f3pticos *\u00a0Caixas de emenda *\u00a0Caixas de termina\u00e7\u00e3o \u00f3ptico<\/p>\n<div id=\"attachment_5760\" style=\"width: 322px\" class=\"wp-caption aligncenter\"><img aria-describedby=\"caption-attachment-5760\" decoding=\"async\" loading=\"lazy\" class=\"wp-image-5760\" title=\"Curso de Fibra \u00d3ptica\" src=\"http:\/\/www.entelco.com.br\/blog\/wp-content\/uploads\/2019\/01\/Curso-de-Fibra-Optica-3.jpg\" alt=\"Curso de Fibra \u00d3ptica\" width=\"312\" height=\"312\" srcset=\"http:\/\/www.entelco.com.br\/blog\/wp-content\/uploads\/2019\/01\/Curso-de-Fibra-Optica-3.jpg 800w, http:\/\/www.entelco.com.br\/blog\/wp-content\/uploads\/2019\/01\/Curso-de-Fibra-Optica-3-150x150.jpg 150w, http:\/\/www.entelco.com.br\/blog\/wp-content\/uploads\/2019\/01\/Curso-de-Fibra-Optica-3-300x300.jpg 300w, http:\/\/www.entelco.com.br\/blog\/wp-content\/uploads\/2019\/01\/Curso-de-Fibra-Optica-3-768x768.jpg 768w, http:\/\/www.entelco.com.br\/blog\/wp-content\/uploads\/2019\/01\/Curso-de-Fibra-Optica-3-171x171.jpg 171w\" sizes=\"(max-width: 312px) 100vw, 312px\" \/><p id=\"caption-attachment-5760\" class=\"wp-caption-text\">Curso de Fibra \u00d3ptica<\/p><\/div>\n<h3>M\u00f3dulo 2 &#8211; Conceito sobre Redes \u00d3pticas GPON FTTH<\/h3>\n<p>*\u00a0No\u00e7\u00f5es b\u00e1sicas de uma rede com fibras \u00f3pticas\u00a0*\u00a0Rede \u00f3ptica ponto a ponto P2P *\u00a0Rede \u00f3ptica ponto multiponto PMP<\/p>\n<p>*\u00a0Redes de transporte\u00a0*\u00a0Rede de acesso\u00a0*\u00a0Redes de acesso via fibra \u00f3ptica e cabo coaxial\u00a0\u00a0\u00a0*\u00a0Redes de acesso via fibra \u00f3ptica<\/p>\n<p>*\u00a0Rede \u00d3ptica Passiva \u2013 PON\u00a0*\u00a0Caracter\u00edsticas da rede EPON &#8211; Ethernet Passive Optical Network *\u00a0Caracter\u00edsticas da rede GPON &#8211; Gigabit Passive Optical Network<\/p>\n<p>*\u00a0Topologia da rede PON\u00a0*\u00a0Arquiteturas da rede PON\u00a0*\u00a0Solu\u00e7\u00e3o FTTB \u2013 Fibra at\u00e9 o Pr\u00e9dio<\/p>\n<p>*\u00a0Solu\u00e7\u00e3o FTTC \u2013 Fibra at\u00e9 o Arm\u00e1rio\u00a0*\u00a0Solu\u00e7\u00e3o FTTN \u2013 Fibra at\u00e9 o N\u00f3\u00a0*\u00a0Solu\u00e7\u00e3o FTTH \u2013 Fibra at\u00e9 a Casa<\/p>\n<p>*\u00a0Componentes principais da arquitetura PON\u00a0*\u00a0OLT \u2013 Optical Line Terminal\u00a0*\u00a0ONU \u2013 Optical Network Unit\u00a0*\u00a0Splitter, divisor \u00f3ptico passivo<\/p>\n<p>*\u00a0Drop \u00f3ptico\u00a0*\u00a0Drop do tipo Figura 8 de 5mm\u00a0*\u00a0Drop do tipo Low Friction de 5m\u00a0*\u00a0Drop com dimens\u00e3o de 3mm<\/p>\n<div id=\"attachment_5764\" style=\"width: 359px\" class=\"wp-caption aligncenter\"><img aria-describedby=\"caption-attachment-5764\" decoding=\"async\" loading=\"lazy\" class=\"wp-image-5764\" title=\"Curso de Fibra \u00d3ptica\" src=\"http:\/\/www.entelco.com.br\/blog\/wp-content\/uploads\/2019\/01\/Curso-de-Fibra-Optica-7.jpg\" alt=\"Curso de Fibra \u00d3ptica\" width=\"349\" height=\"262\" srcset=\"http:\/\/www.entelco.com.br\/blog\/wp-content\/uploads\/2019\/01\/Curso-de-Fibra-Optica-7.jpg 480w, http:\/\/www.entelco.com.br\/blog\/wp-content\/uploads\/2019\/01\/Curso-de-Fibra-Optica-7-300x225.jpg 300w, http:\/\/www.entelco.com.br\/blog\/wp-content\/uploads\/2019\/01\/Curso-de-Fibra-Optica-7-211x158.jpg 211w\" sizes=\"(max-width: 349px) 100vw, 349px\" \/><p id=\"caption-attachment-5764\" class=\"wp-caption-text\">Curso de Fibra \u00d3ptica<\/p><\/div>\n<h2>M\u00f3dulo 3 &#8211; Atividades Pr\u00e1ticas<\/h2>\n<p>*\u00a0Fus\u00e3o de Fibras\u00a0*\u00a0Conectoriza\u00e7\u00e3o\u00a0*\u00a0Emendas Mec\u00e2nicas\u00a0*\u00a0Montagem de DIO<\/p>\n<p>*\u00a0Montagem de Caixa de emenda\u00a0*\u00a0Montagem de CTO<\/p>\n<p>Obs : Ser\u00e3o desenvolvidas atividades espec\u00edficas para cada uma das atividades pr\u00e1ticas.<\/p>\n<div id=\"attachment_5762\" style=\"width: 389px\" class=\"wp-caption aligncenter\"><img aria-describedby=\"caption-attachment-5762\" decoding=\"async\" loading=\"lazy\" class=\"wp-image-5762\" title=\"Curso de Fibra \u00d3ptica\" src=\"http:\/\/www.entelco.com.br\/blog\/wp-content\/uploads\/2019\/01\/Curso-de-Fibra-Optica-5-1024x576.jpg\" alt=\"Curso de Fibra \u00d3ptica\" width=\"379\" height=\"213\" srcset=\"http:\/\/www.entelco.com.br\/blog\/wp-content\/uploads\/2019\/01\/Curso-de-Fibra-Optica-5-1024x576.jpg 1024w, http:\/\/www.entelco.com.br\/blog\/wp-content\/uploads\/2019\/01\/Curso-de-Fibra-Optica-5-300x169.jpg 300w, http:\/\/www.entelco.com.br\/blog\/wp-content\/uploads\/2019\/01\/Curso-de-Fibra-Optica-5-768x432.jpg 768w, http:\/\/www.entelco.com.br\/blog\/wp-content\/uploads\/2019\/01\/Curso-de-Fibra-Optica-5-211x119.jpg 211w, http:\/\/www.entelco.com.br\/blog\/wp-content\/uploads\/2019\/01\/Curso-de-Fibra-Optica-5.jpg 1280w\" sizes=\"(max-width: 379px) 100vw, 379px\" \/><p id=\"caption-attachment-5762\" class=\"wp-caption-text\">Curso de Fibra \u00d3ptica<\/p><\/div>\n<h2>Como fazer este Curso de Fibra \u00d3ptica?<\/h2>\n<p>A ENTELCO TELECOM oferece um curso Completo e Pr\u00e1tico de Fibra \u00d3ptica, basta acessar ao link do curso e reservar a sua inscri\u00e7\u00e3o.<\/p>\n<p><a href=\"https:\/\/www.entelco.com.br\/curso-pratico-infraestrutura-fibra-optica-ptp-fttx\">Curso Pr\u00e1tico de Fibra \u00d3ptica, infraestrutura de Redes GPON, FTTh e Ponto a Ponto<\/a><\/p>\n<p>A ENTELCO conta com uma equipe especializada de engenheiros e mestres em Telecomunica\u00e7\u00f5es para ensinar voc\u00ea e a sua equipe.<\/p>\n<p>Venha fazer parte deste mercado.<\/p>\n<p>ENTELCO TELECOM<\/p>\n<p>&nbsp;<\/p>\n<p>&nbsp;<\/p>\n<\/div><\/div>","protected":false},"excerpt":{"rendered":"<p>Curso Pr\u00e1tico de Fibra \u00d3ptica, Fus\u00e3o, Caixas e Emendas Fa\u00e7a este Curso de Fibra \u00d3ptica e aprenda a montar uma rede voc\u00ea mesmo. Fibra \u00d3ptica de Redes GPON, FTTx ou Ponto a Ponto Entenda como funciona os sinais \u00d3pticos neste curso de Fibra \u00d3ptica e como manipular todos os elementos. Atualmente a tecnologia que mais [&hellip;]<\/p>\n","protected":false},"author":1,"featured_media":0,"comment_status":"open","ping_status":"open","sticky":false,"template":"","format":"standard","meta":[],"categories":[47,563],"tags":[2025,2463,2464],"_links":{"self":[{"href":"http:\/\/www.entelco.com.br\/blog\/wp-json\/wp\/v2\/posts\/5757"}],"collection":[{"href":"http:\/\/www.entelco.com.br\/blog\/wp-json\/wp\/v2\/posts"}],"about":[{"href":"http:\/\/www.entelco.com.br\/blog\/wp-json\/wp\/v2\/types\/post"}],"author":[{"embeddable":true,"href":"http:\/\/www.entelco.com.br\/blog\/wp-json\/wp\/v2\/users\/1"}],"replies":[{"embeddable":true,"href":"http:\/\/www.entelco.com.br\/blog\/wp-json\/wp\/v2\/comments?post=5757"}],"version-history":[{"count":11,"href":"http:\/\/www.entelco.com.br\/blog\/wp-json\/wp\/v2\/posts\/5757\/revisions"}],"predecessor-version":[{"id":5779,"href":"http:\/\/www.entelco.com.br\/blog\/wp-json\/wp\/v2\/posts\/5757\/revisions\/5779"}],"wp:attachment":[{"href":"http:\/\/www.entelco.com.br\/blog\/wp-json\/wp\/v2\/media?parent=5757"}],"wp:term":[{"taxonomy":"category","embeddable":true,"href":"http:\/\/www.entelco.com.br\/blog\/wp-json\/wp\/v2\/categories?post=5757"},{"taxonomy":"post_tag","embeddable":true,"href":"http:\/\/www.entelco.com.br\/blog\/wp-json\/wp\/v2\/tags?post=5757"}],"curies":[{"name":"wp","href":"https:\/\/api.w.org\/{rel}","templated":true}]}}