{"id":4929,"date":"2017-09-16T15:34:27","date_gmt":"2017-09-16T18:34:27","guid":{"rendered":"http:\/\/www.entelco.com.br\/blog\/?p=4929"},"modified":"2017-09-18T16:18:26","modified_gmt":"2017-09-18T19:18:26","slug":"wi-fi-corporativo-webinar-gratis","status":"publish","type":"post","link":"http:\/\/www.entelco.com.br\/blog\/wi-fi-corporativo-webinar-gratis\/","title":{"rendered":"Wi-Fi Corporativo &#8211; WEBINAR GR\u00c1TIS"},"content":{"rendered":"<div id=\"dslc-theme-content\"><div id=\"dslc-theme-content-inner\"><h2>Webinar sobre Wi-Fi Corporativo\u00a0no Brasil.<\/h2>\n<p>Atualmente a demanda sobre o Wi-Fi Corporativo tem aumentado expressivamente no mercado mundial.<\/p>\n<p>A grande dificuldade em criar, projetar ou at\u00e9 mesmo configurar o Wi-Fi Corporativoi, est\u00e1 principalmente na vis\u00e3o do projetista da rede.<\/p>\n<p>As empresas procuram criar redes Wi-Fi principalmente por utilizar faixas livres, onde tratamos de al\u00e9m de 2.4 GHZ e 5 GHz, as frequ\u00eancias de 900MHz e 24 GHz.<\/p>\n<p>Agora j\u00e1 temos alguns aspectos mais avan\u00e7ados e primordiais a ser analisado, que s\u00e3o, a velocidade e a qualidade. Alguns fabricantes j\u00e1 est\u00e3o adotando o uso do padr\u00e3o IEEE802.1ad que opera na faixa de 60GHz.<\/p>\n<p>Mas ainda o que est\u00e1 em mais evid\u00eancia, s\u00e3o as frequ\u00eancias de 2 GHz e 5 GHz.<\/p>\n<div id=\"attachment_3889\" style=\"width: 262px\" class=\"wp-caption aligncenter\"><img aria-describedby=\"caption-attachment-3889\" decoding=\"async\" loading=\"lazy\" class=\"wp-image-3889\" title=\"Wi-Fi Corporativo\" src=\"http:\/\/www.entelco.com.br\/blog\/wp-content\/uploads\/2016\/06\/Rede-Wi-Fi.jpg\" alt=\"Wi-Fi Corporativo\" width=\"252\" height=\"189\" srcset=\"http:\/\/www.entelco.com.br\/blog\/wp-content\/uploads\/2016\/06\/Rede-Wi-Fi.jpg 435w, http:\/\/www.entelco.com.br\/blog\/wp-content\/uploads\/2016\/06\/Rede-Wi-Fi-300x224.jpg 300w, http:\/\/www.entelco.com.br\/blog\/wp-content\/uploads\/2016\/06\/Rede-Wi-Fi-211x158.jpg 211w\" sizes=\"(max-width: 252px) 100vw, 252px\" \/><p id=\"caption-attachment-3889\" class=\"wp-caption-text\">Padr\u00e3o Wi-Fi<\/p><\/div>\n<p>&nbsp;<\/p>\n<p>Esta s\u00e3o faixas conhecidas como \u201czona de <a title=\"Wi-Fi\" href=\"http:\/\/www.entelco.com.br\/blog\/wi-fi-unifi-voce-sabe-calcular\/\" target=\"_blank\">Wi-Fi<\/a>\u201d, onde \u201cn\u00e3o\u201d \u00e9 necess\u00e1rio uma licen\u00e7a da ANATEL para operar.<\/p>\n<p>A maior parte das empresas, tratam a frequ\u00eancia de 2 GHz como principal, devido ao problema de indisponibilidade de outras frequ\u00eancias em dispositivos m\u00f3veis.<\/p>\n<p>Alguns fabricantes adotaram determinados protocolos para melhorar e aprimorar os sinais transmitidos ao espectro.<\/p>\n<p>Mas a grande dificuldade de muitos profissionais ainda permanece.<\/p>\n<p>&nbsp;<\/p>\n<div id=\"attachment_4540\" style=\"width: 485px\" class=\"wp-caption aligncenter\"><img aria-describedby=\"caption-attachment-4540\" decoding=\"async\" loading=\"lazy\" class=\"wp-image-4540\" title=\"Wi-Fi Corporativo\" src=\"http:\/\/www.entelco.com.br\/blog\/wp-content\/uploads\/2017\/05\/Seguran\u00e7a-em-Rede-Wi-Fi-1024x683.jpg\" alt=\"Wi-Fi Corporativo\" width=\"475\" height=\"317\" srcset=\"http:\/\/www.entelco.com.br\/blog\/wp-content\/uploads\/2017\/05\/Seguran\u00e7a-em-Rede-Wi-Fi-1024x683.jpg 1024w, http:\/\/www.entelco.com.br\/blog\/wp-content\/uploads\/2017\/05\/Seguran\u00e7a-em-Rede-Wi-Fi-300x200.jpg 300w, http:\/\/www.entelco.com.br\/blog\/wp-content\/uploads\/2017\/05\/Seguran\u00e7a-em-Rede-Wi-Fi-768x512.jpg 768w, http:\/\/www.entelco.com.br\/blog\/wp-content\/uploads\/2017\/05\/Seguran\u00e7a-em-Rede-Wi-Fi-211x141.jpg 211w, http:\/\/www.entelco.com.br\/blog\/wp-content\/uploads\/2017\/05\/Seguran\u00e7a-em-Rede-Wi-Fi.jpg 1200w\" sizes=\"(max-width: 475px) 100vw, 475px\" \/><p id=\"caption-attachment-4540\" class=\"wp-caption-text\">Rede Wi-Fi<\/p><\/div>\n<p>Um dos maiores problemas encontrados pelo projetista ou t\u00e9cnico, \u00e9 adequar ou evitar problemas de instabilidade, o que realmente \u00e9 bem complexo.<\/p>\n<p>Mas este grau de dificuldade depender\u00e1 do conhecimento de cada projetista, que poder\u00e1 se adaptar e se aprimorar com o conhecimento correto e espec\u00edfico.<\/p>\n<h2>Como projetar e Configurar Wi-Fi Corporativo?<\/h2>\n<p>A ENTELCO TELECOM convida a todos a se inscreverem no Webinar GRATUITO sobre:<\/p>\n<p>Como projetar Rede Wi-Fi no dia 2 de Outubro de 2017 \u00e0s 19:30h (hor\u00e1rio de Bras\u00edlia).<\/p>\n<p>Todos estes t\u00f3picos s\u00e3o abordados nos treinamento da empresa que s\u00e3o voltados a RF e dimensionamento do Wi-Fi corporativo.<\/p>\n<p>Saiba quais s\u00e3o os pontos mais importantes para criar uma rede Wi-Fi Profissional<\/p>\n<p>As inscri\u00e7\u00f5es do Webinar, podem ser feitas pelo link:<\/p>\n<p><a title=\"Webinar Wi-Fi\" href=\"https:\/\/entelco.webex.com\/entelco\/onstage\/g.php?MTID=e349f59a4f45a5899ea65d68bb4a2fe56\" target=\"_blank\">Webinar Gratuito &#8211; \u00a0\u201cComo projetar uma Rede Wi-Fi Profissional e Corporativa\u201d<\/a><\/p>\n<address>\u00a0<\/address>\n<p>por<\/p>\n<p>ENTELCO TELECOM<\/p>\n<\/div><\/div>","protected":false},"excerpt":{"rendered":"<p>Webinar sobre Wi-Fi Corporativo\u00a0no Brasil. Atualmente a demanda sobre o Wi-Fi Corporativo tem aumentado expressivamente no mercado mundial. A grande dificuldade em criar, projetar ou at\u00e9 mesmo configurar o Wi-Fi Corporativoi, est\u00e1 principalmente na vis\u00e3o do projetista da rede. As empresas procuram criar redes Wi-Fi principalmente por utilizar faixas livres, onde tratamos de al\u00e9m de [&hellip;]<\/p>\n","protected":false},"author":1,"featured_media":0,"comment_status":"open","ping_status":"open","sticky":false,"template":"","format":"standard","meta":[],"categories":[3],"tags":[1742,1077,672,2300],"_links":{"self":[{"href":"http:\/\/www.entelco.com.br\/blog\/wp-json\/wp\/v2\/posts\/4929"}],"collection":[{"href":"http:\/\/www.entelco.com.br\/blog\/wp-json\/wp\/v2\/posts"}],"about":[{"href":"http:\/\/www.entelco.com.br\/blog\/wp-json\/wp\/v2\/types\/post"}],"author":[{"embeddable":true,"href":"http:\/\/www.entelco.com.br\/blog\/wp-json\/wp\/v2\/users\/1"}],"replies":[{"embeddable":true,"href":"http:\/\/www.entelco.com.br\/blog\/wp-json\/wp\/v2\/comments?post=4929"}],"version-history":[{"count":3,"href":"http:\/\/www.entelco.com.br\/blog\/wp-json\/wp\/v2\/posts\/4929\/revisions"}],"predecessor-version":[{"id":4959,"href":"http:\/\/www.entelco.com.br\/blog\/wp-json\/wp\/v2\/posts\/4929\/revisions\/4959"}],"wp:attachment":[{"href":"http:\/\/www.entelco.com.br\/blog\/wp-json\/wp\/v2\/media?parent=4929"}],"wp:term":[{"taxonomy":"category","embeddable":true,"href":"http:\/\/www.entelco.com.br\/blog\/wp-json\/wp\/v2\/categories?post=4929"},{"taxonomy":"post_tag","embeddable":true,"href":"http:\/\/www.entelco.com.br\/blog\/wp-json\/wp\/v2\/tags?post=4929"}],"curies":[{"name":"wp","href":"https:\/\/api.w.org\/{rel}","templated":true}]}}