{"id":45,"date":"2011-04-04T10:12:47","date_gmt":"2011-04-04T13:12:47","guid":{"rendered":"http:\/\/www.entelco.com.br\/blog\/?p=45"},"modified":"2011-04-04T10:17:13","modified_gmt":"2011-04-04T13:17:13","slug":"anatel-concede-frequencias-em-450-mhz-sem-licitacao","status":"publish","type":"post","link":"http:\/\/www.entelco.com.br\/blog\/anatel-concede-frequencias-em-450-mhz-sem-licitacao\/","title":{"rendered":"Anatel concede frequ\u00eancias em 450 MHz sem licita\u00e7\u00e3o"},"content":{"rendered":"<div id=\"dslc-theme-content\"><div id=\"dslc-theme-content-inner\"><p>Objetivo \u00e9 acelerar a universaliza\u00e7\u00e3o da telefonia.<\/p>\n<p><img decoding=\"async\" src=\"http:\/\/ipnews.com.br\/telefoniaip\/images\/stories\/Banco_de_Imagens\/Logos\/anatel6.jpg\" alt=\"ANATEL\" \/><br \/>\nA procuradoria da Ag\u00eancia Nacional de Telecomunica\u00e7\u00f5es afirmou que n\u00e3o h\u00e1 impedimentos jur\u00eddicos para que \u00f3rg\u00e3o regulador conceda frequ\u00eancias na banda de 450 MHz aos concession\u00e1rios de telefonia fixa, sem a realiza\u00e7\u00e3o de uma licita\u00e7\u00e3o.<\/p>\n<p>Medida facilitar\u00e1 o cumprimento das metas de universaliza\u00e7\u00e3o do servi\u00e7o, como parte das pol\u00edticas p\u00fablicas colocadas em pr\u00e1tica pelo governo.<\/p>\n<p>Fonte: Reda\u00e7\u00e3o IPNews<\/p>\n<\/div><\/div>","protected":false},"excerpt":{"rendered":"<p>Objetivo \u00e9 acelerar a universaliza\u00e7\u00e3o da telefonia. A procuradoria da Ag\u00eancia Nacional de Telecomunica\u00e7\u00f5es afirmou que n\u00e3o h\u00e1 impedimentos jur\u00eddicos para que \u00f3rg\u00e3o regulador conceda frequ\u00eancias na banda de 450 MHz aos concession\u00e1rios de telefonia fixa, sem a realiza\u00e7\u00e3o de uma licita\u00e7\u00e3o. Medida facilitar\u00e1 o cumprimento das metas de universaliza\u00e7\u00e3o do servi\u00e7o, como parte das [&hellip;]<\/p>\n","protected":false},"author":1,"featured_media":0,"comment_status":"open","ping_status":"open","sticky":false,"template":"","format":"standard","meta":[],"categories":[4],"tags":[],"_links":{"self":[{"href":"http:\/\/www.entelco.com.br\/blog\/wp-json\/wp\/v2\/posts\/45"}],"collection":[{"href":"http:\/\/www.entelco.com.br\/blog\/wp-json\/wp\/v2\/posts"}],"about":[{"href":"http:\/\/www.entelco.com.br\/blog\/wp-json\/wp\/v2\/types\/post"}],"author":[{"embeddable":true,"href":"http:\/\/www.entelco.com.br\/blog\/wp-json\/wp\/v2\/users\/1"}],"replies":[{"embeddable":true,"href":"http:\/\/www.entelco.com.br\/blog\/wp-json\/wp\/v2\/comments?post=45"}],"version-history":[{"count":3,"href":"http:\/\/www.entelco.com.br\/blog\/wp-json\/wp\/v2\/posts\/45\/revisions"}],"predecessor-version":[{"id":48,"href":"http:\/\/www.entelco.com.br\/blog\/wp-json\/wp\/v2\/posts\/45\/revisions\/48"}],"wp:attachment":[{"href":"http:\/\/www.entelco.com.br\/blog\/wp-json\/wp\/v2\/media?parent=45"}],"wp:term":[{"taxonomy":"category","embeddable":true,"href":"http:\/\/www.entelco.com.br\/blog\/wp-json\/wp\/v2\/categories?post=45"},{"taxonomy":"post_tag","embeddable":true,"href":"http:\/\/www.entelco.com.br\/blog\/wp-json\/wp\/v2\/tags?post=45"}],"curies":[{"name":"wp","href":"https:\/\/api.w.org\/{rel}","templated":true}]}}