{"id":3190,"date":"2015-12-08T17:00:11","date_gmt":"2015-12-08T19:00:11","guid":{"rendered":"http:\/\/www.entelco.com.br\/blog\/?p=3190"},"modified":"2015-12-08T19:25:53","modified_gmt":"2015-12-08T21:25:53","slug":"antena-setorial-mikrotik-do-que-ela-e-capaz","status":"publish","type":"post","link":"http:\/\/www.entelco.com.br\/blog\/antena-setorial-mikrotik-do-que-ela-e-capaz\/","title":{"rendered":"Antena Setorial MikroTik &#8211; do que ela \u00e9 capaz ?"},"content":{"rendered":"<div id=\"dslc-theme-content\"><div id=\"dslc-theme-content-inner\"><h2>Do que a Antena Setorial MikroTik \u00e9 capaz ?<\/h2>\n<p>\u00c9 uma antena setorial, ou seja, uma antena que atende a um setor de transmiss\u00e3o em radiofrequ\u00eancia, normalmente utilizada por provedores de acesso via r\u00e1dio WISP. A Antena Setorial MikroTik, proporciona uma precis\u00e3o elevada em sua \u00e1rea de cobertura, sendo poss\u00edvel delimitar a regi\u00e3o em que se pretende atender.<\/p>\n<p>Esta antena \u00a0setorial opera na faixa de 5 GHz com 30dBi de ganho em aba refletora interna. Projetada para acomodar perfeitamente os produtos da s\u00e9rie Basebox e <a title=\"NetMetal\" href=\"http:\/\/www.entelco.com.br\/blog\/netmetal-mikrotik-atende-padrao-802-11ac\/\" target=\"_blank\">NetMetal (s\u00e9rie RB900)<\/a>, mas tamb\u00e9m pode ser usada em qualquer dispositivo com conex\u00e3o SMA, bastando acoplar o cabo flex\u00edvel (pigtail) que \u00e9 inclu\u00eddo no Kit.<\/p>\n<div id=\"attachment_3194\" style=\"width: 384px\" class=\"wp-caption aligncenter\"><img aria-describedby=\"caption-attachment-3194\" decoding=\"async\" loading=\"lazy\" class=\" wp-image-3194\" src=\"http:\/\/www.entelco.com.br\/blog\/wp-content\/uploads\/2015\/12\/Antena-Setorial-MikroTik-4-1024x788.png\" alt=\"Antena Setorial MikroTik\" width=\"374\" height=\"288\" srcset=\"http:\/\/www.entelco.com.br\/blog\/wp-content\/uploads\/2015\/12\/Antena-Setorial-MikroTik-4-1024x788.png 1024w, http:\/\/www.entelco.com.br\/blog\/wp-content\/uploads\/2015\/12\/Antena-Setorial-MikroTik-4-300x231.png 300w, http:\/\/www.entelco.com.br\/blog\/wp-content\/uploads\/2015\/12\/Antena-Setorial-MikroTik-4-211x162.png 211w, http:\/\/www.entelco.com.br\/blog\/wp-content\/uploads\/2015\/12\/Antena-Setorial-MikroTik-4.png 1488w\" sizes=\"(max-width: 374px) 100vw, 374px\" \/><p id=\"caption-attachment-3194\" class=\"wp-caption-text\">Antena Setorial MikroTik<\/p><\/div>\n<h2>Caracter\u00edsticas T\u00e9cnicas da Antena Setorial MikroTik<\/h2>\n<p>Ganho (dBi): 19 dbi<br \/>\nFrequ\u00eancia: de 5.17 a 5.825 GHz<br \/>\nPolariza\u00e7\u00e3o: Vertical e Horizontal (defasada a 45 graus)<br \/>\n\u00c2ngulo\/Feixe: 120 graus em azimute e 5 graus em eleva\u00e7\u00e3o<br \/>\nVSWR: \u2264 1.43 (m\u00e9dia)<br \/>\nImped\u00e2ncia: 50 ohms<br \/>\nEleva\u00e7\u00e3o e ajuste: 15 graus<br \/>\nTamanho: 15cm x 60cm x 8cm (profundidade)<br \/>\nPeso: 1,3kg<br \/>\nRefletor: Aluminio<br \/>\nConectores: 2x RP-SMA F\u00eamea<br \/>\nPre\u00e7o aproximado R$ 400,00 (FOB)<\/p>\n<h2>Inova\u00e7\u00e3o da\u00a0Antena Setorial MikroTik<\/h2>\n<p>O modelo tem um grande diferencial, que \u00e9 a sua polariza\u00e7\u00e3o com deslocamento de 15 graus na vertical e 360 graus girat\u00f3rio pelo tubo de fixa\u00e7\u00e3o, ou seja, oferece uma capacidade de se deslocar no sentido radial em qualquer torre. Veja o diagrama de irradia\u00e7\u00e3o da antena Setorial MikroTik:<\/p>\n<div id=\"attachment_3196\" style=\"width: 717px\" class=\"wp-caption aligncenter\"><img aria-describedby=\"caption-attachment-3196\" decoding=\"async\" loading=\"lazy\" class=\"size-full wp-image-3196\" src=\"http:\/\/www.entelco.com.br\/blog\/wp-content\/uploads\/2015\/12\/Antena-Setorial-MikroTik-5.png\" alt=\"Antena Setorial MikroTik\" width=\"707\" height=\"222\" srcset=\"http:\/\/www.entelco.com.br\/blog\/wp-content\/uploads\/2015\/12\/Antena-Setorial-MikroTik-5.png 707w, http:\/\/www.entelco.com.br\/blog\/wp-content\/uploads\/2015\/12\/Antena-Setorial-MikroTik-5-300x94.png 300w, http:\/\/www.entelco.com.br\/blog\/wp-content\/uploads\/2015\/12\/Antena-Setorial-MikroTik-5-211x66.png 211w\" sizes=\"(max-width: 707px) 100vw, 707px\" \/><p id=\"caption-attachment-3196\" class=\"wp-caption-text\">Antena Setorial MikroTik<\/p><\/div>\n<h2>Dica Importante sobre Antena Setorial!<\/h2>\n<p>Quanto menor o feixe da antena, melhor para o enlace ser\u00e1, pois evita-se diversos problemas com este feito, como por exemplo, a reflex\u00e3o.<br \/>\nPara os interessados em aprender sobre o sistema routerOS e sobre Antenas, a ENTELCO Telecom, oferece Cursos para o sistema operacional MikroTik e planejamento de Radio-enlaces Profissionais.<\/p>\n<p>Os cursos podem ser acessados pelos links:<\/p>\n<p><a title=\"Curso MTCNA 1\" href=\"http:\/\/www.entelco.com.br\/cursos\/17\/MTCNA\" target=\"_blank\">Curso B\u00e1sico &#8211; MikroTik Network Associate 1<\/a>;<br \/>\n<a title=\"Curso MTCNA 2\" href=\"http:\/\/www.entelco.com.br\/cursos\/18\/MTCNA\" target=\"_blank\">Curso B\u00e1sico &#8211; MikroTik Network Associate 2;<\/a><br \/>\n<a title=\"Curso MTCWE\" href=\"http:\/\/www.entelco.com.br\/cursos\/28\/MTCWE\" target=\"_blank\">Curso Avan\u00e7ado &#8211; MikroTik Wireless Engineer;<\/a><\/p>\n<p>Os cursos podem ser feitos tanto no formato presencial (com laborat\u00f3rios e pr\u00e1ticas) quanto no Telepresencial on-line, neste formato o aluno ter\u00e1 as grava\u00e7\u00f5es de todo o treinamento para assistir durante v\u00e1rios dias, al\u00e9m de ferramentas on-line, arquivos, plant\u00e3o de d\u00favidas, tutores acad\u00eamicos e muito mais.<\/p>\n<p>Um grande Abra\u00e7o<\/p>\n<p><em>Rog\u00e9rio Barion<\/em><br \/>\n<em>ENTELCO TELECOM<\/em><\/p>\n<p>&nbsp;<\/p>\n<p>&nbsp;<\/p>\n<p>&nbsp;<\/p>\n<\/div><\/div>","protected":false},"excerpt":{"rendered":"<p>Do que a Antena Setorial MikroTik \u00e9 capaz ? \u00c9 uma antena setorial, ou seja, uma antena que atende a um setor de transmiss\u00e3o em radiofrequ\u00eancia, normalmente utilizada por provedores de acesso via r\u00e1dio WISP. A Antena Setorial MikroTik, proporciona uma precis\u00e3o elevada em sua \u00e1rea de cobertura, sendo poss\u00edvel delimitar a regi\u00e3o em que [&hellip;]<\/p>\n","protected":false},"author":1,"featured_media":3192,"comment_status":"open","ping_status":"open","sticky":false,"template":"","format":"standard","meta":[],"categories":[14,563],"tags":[1962,1963,1961,1955,1465,1965,141,1964,173,182],"_links":{"self":[{"href":"http:\/\/www.entelco.com.br\/blog\/wp-json\/wp\/v2\/posts\/3190"}],"collection":[{"href":"http:\/\/www.entelco.com.br\/blog\/wp-json\/wp\/v2\/posts"}],"about":[{"href":"http:\/\/www.entelco.com.br\/blog\/wp-json\/wp\/v2\/types\/post"}],"author":[{"embeddable":true,"href":"http:\/\/www.entelco.com.br\/blog\/wp-json\/wp\/v2\/users\/1"}],"replies":[{"embeddable":true,"href":"http:\/\/www.entelco.com.br\/blog\/wp-json\/wp\/v2\/comments?post=3190"}],"version-history":[{"count":5,"href":"http:\/\/www.entelco.com.br\/blog\/wp-json\/wp\/v2\/posts\/3190\/revisions"}],"predecessor-version":[{"id":3199,"href":"http:\/\/www.entelco.com.br\/blog\/wp-json\/wp\/v2\/posts\/3190\/revisions\/3199"}],"wp:featuredmedia":[{"embeddable":true,"href":"http:\/\/www.entelco.com.br\/blog\/wp-json\/wp\/v2\/media\/3192"}],"wp:attachment":[{"href":"http:\/\/www.entelco.com.br\/blog\/wp-json\/wp\/v2\/media?parent=3190"}],"wp:term":[{"taxonomy":"category","embeddable":true,"href":"http:\/\/www.entelco.com.br\/blog\/wp-json\/wp\/v2\/categories?post=3190"},{"taxonomy":"post_tag","embeddable":true,"href":"http:\/\/www.entelco.com.br\/blog\/wp-json\/wp\/v2\/tags?post=3190"}],"curies":[{"name":"wp","href":"https:\/\/api.w.org\/{rel}","templated":true}]}}