{"id":3166,"date":"2015-11-26T15:00:23","date_gmt":"2015-11-26T17:00:23","guid":{"rendered":"http:\/\/www.entelco.com.br\/blog\/?p=3166"},"modified":"2015-11-27T16:44:03","modified_gmt":"2015-11-27T18:44:03","slug":"700-mhz-a-frequencia-de-internet-movel","status":"publish","type":"post","link":"http:\/\/www.entelco.com.br\/blog\/700-mhz-a-frequencia-de-internet-movel\/","title":{"rendered":"700 MHz &#8211; a Frequ\u00eancia de Internet M\u00f3vel"},"content":{"rendered":"<div id=\"dslc-theme-content\"><div id=\"dslc-theme-content-inner\"><h2>700 MHz no WRC-15<\/h2>\n<p>Ser\u00e1 encerrada na pr\u00f3xima semana a Confer\u00eancia Mundial de Radiocomunica\u00e7\u00f5es da Uni\u00e3o Internacional de Telecomunica\u00e7\u00f5es (UIT) que ser\u00e1 na pr\u00f3xima sexta, 27, e ap\u00f3s 21 dias de sess\u00f5es de debates e delibera\u00e7\u00f5es, a ind\u00fastria m\u00f3vel conseguiu ver atendida parte de sua demanda para harmoniza\u00e7\u00e3o de frequ\u00eancias para a banda larga m\u00f3vel.<\/p>\n<p>A confer\u00eancia verificou em\u00a0car\u00e1ter global de harmoniza\u00e7\u00e3o para servi\u00e7os m\u00f3veis de International Mobile Telecommunications (IMT) \u00e0 banda de 700 MHz (694MHz \u2013 790 MHz), conhecida como dividendo digital. Depois das Am\u00e9ricas (Regi\u00e3o-2 da UIT) e da regi\u00e3o \u00c1sia-Pac\u00edfico (Regi\u00e3o-3 da UIT ) terem adotado a faixa para a banda larga m\u00f3vel na WRC-2007, Europa, \u00c1frica, Oriente M\u00e9dio e \u00c1sia Central (Regi\u00e3o-1) agora tamb\u00e9m decidiram alocar oficialmente a banda para o IMT. A decis\u00e3o prev\u00ea ainda prote\u00e7\u00e3o completa para servi\u00e7os de televis\u00e3o aberta e sistemas de radionavega\u00e7\u00e3o aeron\u00e1utica que operam na banda.<\/p>\n<p>Esta disputa\u00a0pelo espectro, entretanto, continua. A associa\u00e7\u00e3o global de operadoras m\u00f3veis (GSMA) havia manifestado na abertura do WRC-15 apoio \u00e0 harmoniza\u00e7\u00e3o da banda de 700 MHz que j\u00e1 se desenhava, mas apelou tamb\u00e9m aos governos do mundo inteiro a transfer\u00eancia da atribui\u00e7\u00e3o da faixa de 600 MHz, amplamente usada na Europa para broadcasting de TV, tamb\u00e9m para a banda larga m\u00f3vel para &#8220;impulsionar o crescimento global cont\u00ednuo de banda larga m\u00f3vel&#8221;.<\/p>\n<p>Em noticias anteriores fora informado que ,\u00a0o Brasil \u00e9 contr\u00e1rio \u00e0 atribui\u00e7\u00e3o dos 600 MHz para o IMT, porque \u00e9 um espectro importante para a radiodifus\u00e3o, e a radiodifus\u00e3o, por sua vez, tem um papel muito importante no modelo brasileiro de telecomunica\u00e7\u00f5es. Estados Unidos e alguns pa\u00edses da \u00c1sia lideram a defesa da aloca\u00e7\u00e3o dos 600 MHz para a banda larga m\u00f3vel, mas s\u00e3o pa\u00edses que n\u00e3o t\u00eam a necessidade de acomodar emissoras de TV nesse espectro. Assim como o Brasil, a posi\u00e7\u00e3o da Europa \u00e9 de n\u00e3o destinar essa faixa para o IMT.<\/p>\n<h2>Conhecimento T\u00e9cnico<\/h2>\n<p>Aos que buscam conhecimento sobre Frequ\u00eancias, Sinais, Planejamento, Configura\u00e7\u00f5es e outros conhecimentos, podem consultar os cursos de planejamento, tanto de Radiofrequ\u00eancia em Infraestrutura que pode ser vista no c<a title=\"Curso de Planejamento de R\u00e1dio Enlace\" href=\"http:\/\/entelco.com.br\/cursos\/49\/wireless-radio-enlace\" target=\"_blank\">urso de planejamento de Radio Enlace<\/a>, quanto sobre algumas marcas em c<a title=\"Curso de Planejamento de Enlaces Ubiquiti\" href=\"http:\/\/entelco.com.br\/cursos\/50\/Ubiquiti\" target=\"_blank\">urso de planejamento de Enlaces Ubiquiti<\/a> ou at\u00e9 mesmo no <a title=\"Curso MikroTik Wireless Engineer\" href=\"http:\/\/entelco.com.br\/cursos\/28\" target=\"_blank\">curso de planejamento de enlaces MikroTik<\/a>\u00a0 .<\/p>\n<p>Vale lembrar que n\u00e3o \u00e9 em poucos dias que \u00e9 poss\u00edvel conhecer tudo o que \u00e9 necess\u00e1rio para fazer o melhor enlace, mas depender\u00e1 do esfor\u00e7o e dedica\u00e7\u00e3o de cada um para aprimorar o conhecimento transmitido ao longo de um treinamento.<\/p>\n<p>A ENTELCO TELECOM oferece ao mercado corporativo, Consultoria ou Assessoria t\u00e9cnica em diversas \u00e1reas, Mercado corporativo, operadoras, provedores de internet via R\u00e1dio ou Fibra \u00f3pitica, etc. Basta <a title=\"ENTELCO TELECOM\" href=\"http:\/\/www.entelco.com.br\" target=\"_blank\">acessar ao site<\/a> e <a title=\"Contato\" href=\"http:\/\/www.entelco.com.br\/site\/contato\" target=\"_blank\">solicitar um contato<\/a> que avaliaremos a sua necessidade.<\/p>\n<p>&nbsp;<\/p>\n<\/div><\/div>","protected":false},"excerpt":{"rendered":"<p>700 MHz no WRC-15 Ser\u00e1 encerrada na pr\u00f3xima semana a Confer\u00eancia Mundial de Radiocomunica\u00e7\u00f5es da Uni\u00e3o Internacional de Telecomunica\u00e7\u00f5es (UIT) que ser\u00e1 na pr\u00f3xima sexta, 27, e ap\u00f3s 21 dias de sess\u00f5es de debates e delibera\u00e7\u00f5es, a ind\u00fastria m\u00f3vel conseguiu ver atendida parte de sua demanda para harmoniza\u00e7\u00e3o de frequ\u00eancias para a banda larga m\u00f3vel. [&hellip;]<\/p>\n","protected":false},"author":1,"featured_media":3168,"comment_status":"open","ping_status":"open","sticky":false,"template":"","format":"standard","meta":[],"categories":[221,3],"tags":[873,1884,1732,30,831,770,1954],"_links":{"self":[{"href":"http:\/\/www.entelco.com.br\/blog\/wp-json\/wp\/v2\/posts\/3166"}],"collection":[{"href":"http:\/\/www.entelco.com.br\/blog\/wp-json\/wp\/v2\/posts"}],"about":[{"href":"http:\/\/www.entelco.com.br\/blog\/wp-json\/wp\/v2\/types\/post"}],"author":[{"embeddable":true,"href":"http:\/\/www.entelco.com.br\/blog\/wp-json\/wp\/v2\/users\/1"}],"replies":[{"embeddable":true,"href":"http:\/\/www.entelco.com.br\/blog\/wp-json\/wp\/v2\/comments?post=3166"}],"version-history":[{"count":6,"href":"http:\/\/www.entelco.com.br\/blog\/wp-json\/wp\/v2\/posts\/3166\/revisions"}],"predecessor-version":[{"id":3170,"href":"http:\/\/www.entelco.com.br\/blog\/wp-json\/wp\/v2\/posts\/3166\/revisions\/3170"}],"wp:featuredmedia":[{"embeddable":true,"href":"http:\/\/www.entelco.com.br\/blog\/wp-json\/wp\/v2\/media\/3168"}],"wp:attachment":[{"href":"http:\/\/www.entelco.com.br\/blog\/wp-json\/wp\/v2\/media?parent=3166"}],"wp:term":[{"taxonomy":"category","embeddable":true,"href":"http:\/\/www.entelco.com.br\/blog\/wp-json\/wp\/v2\/categories?post=3166"},{"taxonomy":"post_tag","embeddable":true,"href":"http:\/\/www.entelco.com.br\/blog\/wp-json\/wp\/v2\/tags?post=3166"}],"curies":[{"name":"wp","href":"https:\/\/api.w.org\/{rel}","templated":true}]}}