{"id":278,"date":"2013-05-19T15:58:27","date_gmt":"2013-05-19T18:58:27","guid":{"rendered":"http:\/\/www.entelco.com.br\/blog\/?p=278"},"modified":"2013-05-19T16:10:45","modified_gmt":"2013-05-19T19:10:45","slug":"278","status":"publish","type":"post","link":"http:\/\/www.entelco.com.br\/blog\/278\/","title":{"rendered":"Tecnologia 4G com LTE no Brasil j\u00e1 \u00e9 realidade"},"content":{"rendered":"<div id=\"dslc-theme-content\"><div id=\"dslc-theme-content-inner\"><p>TECNOLOGIA 4G<\/p>\n<p>Em entrevista em Bras\u00edlia no m\u00eas de maio, o Ministro Paulo Bernardo falou aos jornalistas sobre o lan\u00e7amento da tecnologia 4G que come\u00e7ou a operar oficialmente nas seis cidades sede da Copa das Confedera\u00e7\u00f5es no dia 30 de abril. Destacou que vinculada ao servi\u00e7o de quarta gera\u00e7\u00e3o de internet, as operadoras receberam a obriga\u00e7\u00e3o de investir na implanta\u00e7\u00e3o da internet rural que deve come\u00e7ar a operar no ano que vem. &#8220;Temos esse per\u00edodo maior, este ano inteiro de &#8220;feriado&#8221; digamos assim, para as empresas terem tempo para desenvolver tecnologia de 4 gera\u00e7\u00e3o LTE para a frequ\u00eancia de 450Mhz, o nosso grande objetivo \u00e9 popularizar o m\u00e1ximo a internet na \u00e1rea rural com qualidade, esse \u00e9 o grande desafio&#8221;, disse Bernardo.<\/p>\n<p>O Brasil E A COPA DO MUNDO.<\/p>\n<p>O Mionistro transmitiu aos correspondentes que a Telebr\u00e1s ficou encarregada de fazer uma parte dos trabalhos relativos a Copa do Mundo e j\u00e1 instalou um &#8220;anel metropolitano&#8221; de fibra \u00f3ptica em todas as cidades da Copa das Confedera\u00e7\u00f5es que dar\u00e1 o suporte pra gera\u00e7\u00e3o das imagens da FIFA. &#8220;Todas as imagens v\u00e3o ser feitas em cima da infraestrutura montada pela Telebr\u00e1s e est\u00e1 em fase final instala\u00e7\u00e3o de transmiss\u00e3o e recep\u00e7\u00e3o para celular 2G, 3G e 4G dentro dos est\u00e1dios tamb\u00e9m&#8221;.<\/p>\n<p>INTERNET EM LARGA ESCALA<\/p>\n<p><span style=\"font-size: 13px; line-height: 19px;\">O governo fez um movimento &#8220;grande e importante&#8221; em 2011 : a negocia\u00e7\u00e3o de universaliza\u00e7\u00e3o de telefonia com as empresas concession\u00e1rias com a troca de metas a serem cumpridas como colocar orelh\u00f5es, &#8220;coisas que j\u00e1 n\u00e3o faziam mais nenhum sentido&#8221; pelo compromisso de vender a internet com pre\u00e7o mais popular.<\/span><\/p>\n<p>Conforme informado pelo ministro, foi fixado em 35 reais o valor m\u00e1ximo a ser cobrado para uma velocidade m\u00ednima de 1 megabit\/s. O ministro disse que este foi um &#8220;movimento importante j\u00e1 que em 2011 o pre\u00e7o m\u00e9dio girava em torno de 70 reais&#8221;. Fez a ressalva de que em estados como S\u00e3o Paulo ou Paran\u00e1 por exemplo, o valor era menor por ter infraestrutura, mas no interior do Brasil ou cidades no Norte ainda se paga entre 300 e 350 reais por conex\u00f5es de menos de um megabit\/s.<\/p>\n<p>A internet popular e os demais investimentos e medidas do Programa Nacional de Banda Larga, como as desonera\u00e7\u00f5es para modems, tablets e smartphones e para constru\u00e7\u00e3o de moderniza\u00e7\u00e3o de redes de fibra \u00f3ptica foram importantes para o crescimento do acesso e redu\u00e7\u00e3o de pre\u00e7os. Segundo Bernardo, a Uni\u00e3o Internacional de Telecomunica\u00e7\u00f5es divulgou levantamento mostrando que de 2010 a 2011 os pre\u00e7os de telecomunica\u00e7\u00f5es no Brasil diminu\u00edram 46% &#8220;Houve, de fato, uma queda espec\u00edfica e isso \u00e9 respons\u00e1vel pelo crescimento do setor&#8221;.<\/p>\n<p>&nbsp;<\/p>\n<p><object width=\"560\" height=\"315\" classid=\"clsid:d27cdb6e-ae6d-11cf-96b8-444553540000\" codebase=\"http:\/\/download.macromedia.com\/pub\/shockwave\/cabs\/flash\/swflash.cab#version=6,0,40,0\"><param name=\"allowFullScreen\" value=\"true\" \/><param name=\"allowscriptaccess\" value=\"always\" \/><param name=\"src\" value=\"http:\/\/www.youtube.com\/v\/28I4BwiE8Uo?hl=pt_BR&amp;version=3\" \/><param name=\"allowfullscreen\" value=\"true\" \/><embed width=\"560\" height=\"315\" type=\"application\/x-shockwave-flash\" src=\"http:\/\/www.youtube.com\/v\/28I4BwiE8Uo?hl=pt_BR&amp;version=3\" allowFullScreen=\"true\" allowscriptaccess=\"always\" allowfullscreen=\"true\" \/><\/object><\/p>\n<p>CONHECIMENTO TECNOL\u00d3GICO<\/p>\n<p>A ENTELCO oferecer\u00e1 em breve, cursos de tecnologias como o \u00a0LTE. Os cursos oferecidos podem ser encontrados em <a title=\"Cursos ENTELCO TELECOM 4G\" href=\"http:\/\/www.entelco.com.br\/cursos\">http:\/\/www.entelco.com.br\/cursos<\/a> .<br \/>\nPor Reda\u00e7\u00e3o ENTELCO TELECOM<\/p>\n<p>Fonte: Minist\u00e9rio das Comunica\u00e7\u00f5es (www.mc.gov.br)<\/p>\n<\/div><\/div>","protected":false},"excerpt":{"rendered":"<p>TECNOLOGIA 4G Em entrevista em Bras\u00edlia no m\u00eas de maio, o Ministro Paulo Bernardo falou aos jornalistas sobre o lan\u00e7amento da tecnologia 4G que come\u00e7ou a operar oficialmente nas seis cidades sede da Copa das Confedera\u00e7\u00f5es no dia 30 de abril. Destacou que vinculada ao servi\u00e7o de quarta gera\u00e7\u00e3o de internet, as operadoras receberam a [&hellip;]<\/p>\n","protected":false},"author":1,"featured_media":0,"comment_status":"open","ping_status":"open","sticky":false,"template":"","format":"standard","meta":[],"categories":[221],"tags":[214,216,220,222,223,224,218,219,215,217],"_links":{"self":[{"href":"http:\/\/www.entelco.com.br\/blog\/wp-json\/wp\/v2\/posts\/278"}],"collection":[{"href":"http:\/\/www.entelco.com.br\/blog\/wp-json\/wp\/v2\/posts"}],"about":[{"href":"http:\/\/www.entelco.com.br\/blog\/wp-json\/wp\/v2\/types\/post"}],"author":[{"embeddable":true,"href":"http:\/\/www.entelco.com.br\/blog\/wp-json\/wp\/v2\/users\/1"}],"replies":[{"embeddable":true,"href":"http:\/\/www.entelco.com.br\/blog\/wp-json\/wp\/v2\/comments?post=278"}],"version-history":[{"count":10,"href":"http:\/\/www.entelco.com.br\/blog\/wp-json\/wp\/v2\/posts\/278\/revisions"}],"predecessor-version":[{"id":283,"href":"http:\/\/www.entelco.com.br\/blog\/wp-json\/wp\/v2\/posts\/278\/revisions\/283"}],"wp:attachment":[{"href":"http:\/\/www.entelco.com.br\/blog\/wp-json\/wp\/v2\/media?parent=278"}],"wp:term":[{"taxonomy":"category","embeddable":true,"href":"http:\/\/www.entelco.com.br\/blog\/wp-json\/wp\/v2\/categories?post=278"},{"taxonomy":"post_tag","embeddable":true,"href":"http:\/\/www.entelco.com.br\/blog\/wp-json\/wp\/v2\/tags?post=278"}],"curies":[{"name":"wp","href":"https:\/\/api.w.org\/{rel}","templated":true}]}}