{"id":2120,"date":"2015-07-03T11:00:38","date_gmt":"2015-07-03T14:00:38","guid":{"rendered":"http:\/\/www.entelco.com.br\/blog\/?p=2120"},"modified":"2015-07-06T18:15:09","modified_gmt":"2015-07-06T21:15:09","slug":"o-segundo-intercalar-de-2015-travou-diversos-roteadores-no-mundo-todo","status":"publish","type":"post","link":"http:\/\/www.entelco.com.br\/blog\/o-segundo-intercalar-de-2015-travou-diversos-roteadores-no-mundo-todo\/","title":{"rendered":"O &#8220;segundo Intercalar&#8221; de 2015, travou diversos roteadores no mundo todo."},"content":{"rendered":"<div id=\"dslc-theme-content\"><div id=\"dslc-theme-content-inner\"><p><a href=\"http:\/\/www.entelco.com.br\/blog\/wp-content\/uploads\/2015\/07\/leap-second-ENTELCO.jpg\"><img decoding=\"async\" loading=\"lazy\" class=\"alignleft wp-image-2123\" title=\"leap second\" src=\"http:\/\/www.entelco.com.br\/blog\/wp-content\/uploads\/2015\/07\/leap-second-ENTELCO-300x200.jpg\" alt=\"leap second\" width=\"185\" height=\"123\" srcset=\"http:\/\/www.entelco.com.br\/blog\/wp-content\/uploads\/2015\/07\/leap-second-ENTELCO-300x200.jpg 300w, http:\/\/www.entelco.com.br\/blog\/wp-content\/uploads\/2015\/07\/leap-second-ENTELCO-1024x682.jpg 1024w, http:\/\/www.entelco.com.br\/blog\/wp-content\/uploads\/2015\/07\/leap-second-ENTELCO.jpg 1200w\" sizes=\"(max-width: 185px) 100vw, 185px\" \/><\/a>No \u00faltimo dia 30 de Junho, houve uma grande incid\u00eancia de roteadores e servidores travados no mundo gra\u00e7as ao &#8220;segundo intercalar&#8221; ou denominado leap second . Exatamente neste dia a meia noite do hor\u00e1rio UTC, houve um acr\u00e9scimo de um segundo na escala de tempo que \u00e9 usada como padr\u00e3o mundial. Como na maior parte do Brasil \u00e9 utilizado o fuso UTC-3, o feito ocorreu as 20:59h. Assim como em junho de 2012 e dezembro de 2008, esta atualiza\u00e7\u00e3o gerou diversos problemas, mostrando que ainda n\u00e3o estamos preparados para esta corre\u00e7\u00e3o de forma autom\u00e1tica. O que ocorre \u00e9 que mesmo quem utilize um servi\u00e7o de NTP p\u00fablico ou privado, corre riscos, assim como possibilidades de problemas nos servi\u00e7os.<\/p>\n<p>O que pode ser feito para evitar \u00e9 manter seu sistema operacional atualizado, por\u00e9m mesmo assim, houveram diversas ocorr\u00eancias com sistemas tal como MikroTik na \u00faltima vers\u00e3o atualizada 6.29.1 principalmente em modelos CCR de arquitetura TILE, tamb\u00e9m tivemos chamados relacionado a alguns modelos de CISCO, CYCLADES entre outros fabricantes.<\/p>\n<p>O tratamento do &#8220;leap second&#8221; pode, em alguns casos, significar que o rel\u00f3gio volta um segundo, ou fica parado um segundo. Qualquer uma dessas situa\u00e7\u00f5es, se n\u00e3o prevista pelos programadores e tratada corretamente nos softwares, pode levar a comportamentos imprevis\u00edveis e diversos tipos de erro ou at\u00e9 mesmo o travamento do equipamento.<\/p>\n<p>Historicamente, o tempo era medido com base em observa\u00e7\u00f5es astron\u00f4micas. Quando a antiga escala de tempo GMT \u00a0era utilizada, a posi\u00e7\u00e3o do sol medida pelo observat\u00f3rio Real em Londres, era a refer\u00eancia sobre a medida do tempo.<\/p>\n<p>No entanto, a rota\u00e7\u00e3o da terra n\u00e3o \u00e9 t\u00e3o precisa, muito pelo contr\u00e1rio. \u00e9 irregular. Na verdade a terra est\u00e1 desacelerando sua rota\u00e7\u00e3o lentamente, por causa do efeito da lua. Para o dia a dia, \u00e9 muito mais c\u00f4modo qu o sol continue a ser a nossa \u00a0refer\u00eancia. Devido este fato, o UTC se baseia em rel\u00f3gios at\u00f4micos, mas segundos s\u00e3o acrescentados ou saltados quando necess\u00e1rio, justamente para manter s sincronia com o sol<\/p>\n<p>&nbsp;<\/p>\n<p>Por<\/p>\n<p>Reda\u00e7\u00e3o<\/p>\n<p>ENTELCO TELECOM<\/p>\n<\/div><\/div>","protected":false},"excerpt":{"rendered":"<p>No \u00faltimo dia 30 de Junho, houve uma grande incid\u00eancia de roteadores e servidores travados no mundo gra\u00e7as ao &#8220;segundo intercalar&#8221; ou denominado leap second . Exatamente neste dia a meia noite do hor\u00e1rio UTC, houve um acr\u00e9scimo de um segundo na escala de tempo que \u00e9 usada como padr\u00e3o mundial. Como na maior parte [&hellip;]<\/p>\n","protected":false},"author":1,"featured_media":2123,"comment_status":"open","ping_status":"open","sticky":false,"template":"","format":"standard","meta":[],"categories":[14,221,29],"tags":[1703,1701,1702,1704],"_links":{"self":[{"href":"http:\/\/www.entelco.com.br\/blog\/wp-json\/wp\/v2\/posts\/2120"}],"collection":[{"href":"http:\/\/www.entelco.com.br\/blog\/wp-json\/wp\/v2\/posts"}],"about":[{"href":"http:\/\/www.entelco.com.br\/blog\/wp-json\/wp\/v2\/types\/post"}],"author":[{"embeddable":true,"href":"http:\/\/www.entelco.com.br\/blog\/wp-json\/wp\/v2\/users\/1"}],"replies":[{"embeddable":true,"href":"http:\/\/www.entelco.com.br\/blog\/wp-json\/wp\/v2\/comments?post=2120"}],"version-history":[{"count":6,"href":"http:\/\/www.entelco.com.br\/blog\/wp-json\/wp\/v2\/posts\/2120\/revisions"}],"predecessor-version":[{"id":2132,"href":"http:\/\/www.entelco.com.br\/blog\/wp-json\/wp\/v2\/posts\/2120\/revisions\/2132"}],"wp:featuredmedia":[{"embeddable":true,"href":"http:\/\/www.entelco.com.br\/blog\/wp-json\/wp\/v2\/media\/2123"}],"wp:attachment":[{"href":"http:\/\/www.entelco.com.br\/blog\/wp-json\/wp\/v2\/media?parent=2120"}],"wp:term":[{"taxonomy":"category","embeddable":true,"href":"http:\/\/www.entelco.com.br\/blog\/wp-json\/wp\/v2\/categories?post=2120"},{"taxonomy":"post_tag","embeddable":true,"href":"http:\/\/www.entelco.com.br\/blog\/wp-json\/wp\/v2\/tags?post=2120"}],"curies":[{"name":"wp","href":"https:\/\/api.w.org\/{rel}","templated":true}]}}