{"id":2046,"date":"2015-05-08T08:00:54","date_gmt":"2015-05-08T11:00:54","guid":{"rendered":"http:\/\/www.entelco.com.br\/blog\/?p=2046"},"modified":"2015-05-08T09:01:10","modified_gmt":"2015-05-08T12:01:10","slug":"empresas-ja-oferecem-rede-local-em-fibra-optica-para-clientes-domesticos","status":"publish","type":"post","link":"http:\/\/www.entelco.com.br\/blog\/empresas-ja-oferecem-rede-local-em-fibra-optica-para-clientes-domesticos\/","title":{"rendered":"Empresas j\u00e1 oferecem rede local em Fibra \u00d3ptica para clientes dom\u00e9sticos."},"content":{"rendered":"<div id=\"dslc-theme-content\"><div id=\"dslc-theme-content-inner\"><p><a href=\"http:\/\/www.entelco.com.br\/blog\/wp-content\/uploads\/2014\/11\/GPON-ENTELCO.png\"><img decoding=\"async\" loading=\"lazy\" class=\"alignleft  wp-image-1747\" src=\"http:\/\/www.entelco.com.br\/blog\/wp-content\/uploads\/2014\/11\/GPON-ENTELCO-300x262.png\" alt=\"GPON-ENTELCO\" width=\"164\" height=\"143\" srcset=\"http:\/\/www.entelco.com.br\/blog\/wp-content\/uploads\/2014\/11\/GPON-ENTELCO-300x262.png 300w, http:\/\/www.entelco.com.br\/blog\/wp-content\/uploads\/2014\/11\/GPON-ENTELCO.png 333w\" sizes=\"(max-width: 164px) 100vw, 164px\" \/><\/a>Quando o assunto \u00e9 velocidade, o usu\u00e1rio final acaba se tornando mais exigente ainda no dia a dia, por\u00e9m a realidade brasileira limita um pouco a chegada da tecnologia as resid\u00eancias. Durante a INTX 2015, principal evento de TV por assinatura e banda larga dos EUA, que aconteceu recentemrnte em Chicago, tratou das consequ\u00eancias de uma oferta de ultra banda larga, sobretudo quando essa velocidade supera a barreira do 1 Gbps: como resolver a rede dentro das casas. Hoje, a maior parte das pessoas utilizam redes WiFi dom\u00e9sticas, mas os operadores de cabo e fibra dos EUA come\u00e7am a se perguntar se n\u00e3o seria melhor buscar uma abordagem diferente, baseada em fibra. \u00c9 o Fiber into the Home, ou FITH, mais uma deriva\u00e7\u00e3o das tecnologias \u00f3pticas.<\/p>\n<p>O diretor de tecnologia de transporte da operadora de cabo Cox, Eugene Dai, cita em entrevista as redes de comunica\u00e7\u00e3o local que operadora est\u00e1 optando por refazer a sua rede HFC com uma rede FTTH para a oferta de ultra banda larga. E se deparou com a necessidade de expandir esse cabeamento com fibra tamb\u00e9m para o n\u00edvel dom\u00e9stico. &#8220;Quanto maior a velocidade vendida para o usu\u00e1rio, menor o grau de toler\u00e2ncia dele, e a rede dom\u00e9stica \u00e9 essencial para a experi\u00eancia final do cliente&#8221;, palavras de Eugene.<\/p>\n<p>No entanto, a outra fabricante de ativos, a Arris, durante o processo de reconstru\u00e7\u00e3o das redes nos EUA por redes de fibra diz que ainda levar\u00e1 v\u00e1rios anos. Ser\u00e3o, segundo ele, pelo menos mais 20 anos em que as redes de acesso dos operadores de cabo ser\u00e3o HFC, mas as escolhas para esse per\u00edodo de transi\u00e7\u00e3o precisam ser feitas agora, segundo Venk Mutalik.<\/p>\n<p>A ENTELCO TELECOM est\u00e1 disponibilizando cursos de GPON &amp; FTTx na modalidade presencial e on-line. O curso \u00e9 disponibilizado com uma certa frequ\u00eancia aos alunos na cidade de S\u00e3o Paulo entre outras cidade no territ\u00f3rio nacional.<\/p>\n<p>Link dos cursosl\u00a0<a title=\"Curso de Projetos GPON\" href=\"http:\/\/www.entelco.com.br\/cursos\/?id=40\" target=\"_blank\">http:\/\/www.entelco.com.br\/cursos\/<\/a><\/p>\n<p>Atualmente a ENTELCO conta com 3 profissionais especializados em tecnologias PON, o Eng. Cl\u00e1udio Fernandes, Eng Rog\u00e9rio Barion e o especialista Anderson Quintela. A equipe \u00e9 gabaritada a desenvolver projetos, analisar redes PON, desenvolver segmentos dentro da tecnologia com interoperabilidade GPON , entre Assessoria, Consultoria e Treinamentos especializados.<\/p>\n<p>&nbsp;<\/p>\n<p>Por<\/p>\n<p>Reda\u00e7\u00e3o<\/p>\n<p>ENTELCO TELECOM<\/p>\n<p><span style=\"color: #bdb9b9;\">Fonte: Teletime<\/span><\/p>\n<p>&nbsp;<\/p>\n<\/div><\/div>","protected":false},"excerpt":{"rendered":"<p>Quando o assunto \u00e9 velocidade, o usu\u00e1rio final acaba se tornando mais exigente ainda no dia a dia, por\u00e9m a realidade brasileira limita um pouco a chegada da tecnologia as resid\u00eancias. Durante a INTX 2015, principal evento de TV por assinatura e banda larga dos EUA, que aconteceu recentemrnte em Chicago, tratou das consequ\u00eancias de [&hellip;]<\/p>\n","protected":false},"author":1,"featured_media":0,"comment_status":"open","ping_status":"open","sticky":false,"template":"","format":"standard","meta":[],"categories":[47],"tags":[53,413,414,57,54,1314,134,990,1447,993,119,1444,1002,422,421,1004,1311,62,61,60,45,122,117,126,120,123,139,274,1003,999,890,891,1442,248,55,133,1661,1662,992,997,1663,1313,50,51,49,350,1001,52,48,994,1006,1864,135,1445,140,426,137,425,1441,998,766,1005,59,331,129,1315,1312,329,130,330,1000,995,996,991,46,423,132,131,432,894,415,416,417,912,418,1660,420,58,125,56,1440,1443,1446],"_links":{"self":[{"href":"http:\/\/www.entelco.com.br\/blog\/wp-json\/wp\/v2\/posts\/2046"}],"collection":[{"href":"http:\/\/www.entelco.com.br\/blog\/wp-json\/wp\/v2\/posts"}],"about":[{"href":"http:\/\/www.entelco.com.br\/blog\/wp-json\/wp\/v2\/types\/post"}],"author":[{"embeddable":true,"href":"http:\/\/www.entelco.com.br\/blog\/wp-json\/wp\/v2\/users\/1"}],"replies":[{"embeddable":true,"href":"http:\/\/www.entelco.com.br\/blog\/wp-json\/wp\/v2\/comments?post=2046"}],"version-history":[{"count":3,"href":"http:\/\/www.entelco.com.br\/blog\/wp-json\/wp\/v2\/posts\/2046\/revisions"}],"predecessor-version":[{"id":2048,"href":"http:\/\/www.entelco.com.br\/blog\/wp-json\/wp\/v2\/posts\/2046\/revisions\/2048"}],"wp:attachment":[{"href":"http:\/\/www.entelco.com.br\/blog\/wp-json\/wp\/v2\/media?parent=2046"}],"wp:term":[{"taxonomy":"category","embeddable":true,"href":"http:\/\/www.entelco.com.br\/blog\/wp-json\/wp\/v2\/categories?post=2046"},{"taxonomy":"post_tag","embeddable":true,"href":"http:\/\/www.entelco.com.br\/blog\/wp-json\/wp\/v2\/tags?post=2046"}],"curies":[{"name":"wp","href":"https:\/\/api.w.org\/{rel}","templated":true}]}}