{"id":2018,"date":"2015-04-17T11:00:06","date_gmt":"2015-04-17T14:00:06","guid":{"rendered":"http:\/\/www.entelco.com.br\/blog\/?p=2018"},"modified":"2015-04-12T17:39:33","modified_gmt":"2015-04-12T20:39:33","slug":"banda-larga-movel-cresceu-mais-no-norte-e-no-nordeste","status":"publish","type":"post","link":"http:\/\/www.entelco.com.br\/blog\/banda-larga-movel-cresceu-mais-no-norte-e-no-nordeste\/","title":{"rendered":"Banda larga m\u00f3vel cresceu mais no Norte e no Nordeste"},"content":{"rendered":"<div id=\"dslc-theme-content\"><div id=\"dslc-theme-content-inner\"><div class=\"description\">\n<p>A banda larga m\u00f3vel cresceu 735% em todo o Brasil, entre dezembro de 2010 e o mesmo m\u00eas de 2014, passando de 20,6 milh\u00f5es de acessos para 157,9 milh\u00f5es, segundo dados da Ag\u00eancia Nacional de Telecomunica\u00e7\u00f5es. Observando os dados por regi\u00e3o, constata-se que Norte e Nordeste foram as que mais registraram novas assinaturas do servi\u00e7o, com um crescimento de 784% e 795% respectivamente.<\/p>\n<\/div>\n<p>No Norte, o servi\u00e7o passou de 1,3 milh\u00f5es de acessos em dezembro de 2010 para 11,2 milh\u00f5es em dezembro de 2014. J\u00e1 no Nordeste, o total de assinaturas foi de quatro milh\u00f5es para 35,9 milh\u00f5es no per\u00edodo analisado.<\/p>\n<p><a href=\"http:\/\/www.entelco.com.br\/blog\/wp-content\/uploads\/2015\/04\/banda_larga_nordeste.png\"><img decoding=\"async\" loading=\"lazy\" class=\" wp-image-2020 aligncenter\" src=\"http:\/\/www.entelco.com.br\/blog\/wp-content\/uploads\/2015\/04\/banda_larga_nordeste-300x181.png\" alt=\"banda_larga_nordeste\" width=\"419\" height=\"253\" srcset=\"http:\/\/www.entelco.com.br\/blog\/wp-content\/uploads\/2015\/04\/banda_larga_nordeste-300x181.png 300w, http:\/\/www.entelco.com.br\/blog\/wp-content\/uploads\/2015\/04\/banda_larga_nordeste.png 479w\" sizes=\"(max-width: 419px) 100vw, 419px\" \/><\/a><\/p>\n<p>&nbsp;<\/p>\n<p><a href=\"http:\/\/www.entelco.com.br\/blog\/wp-content\/uploads\/2015\/04\/banda_larga_norte.png\"><img decoding=\"async\" loading=\"lazy\" class=\"wp-image-2019 aligncenter\" src=\"http:\/\/www.entelco.com.br\/blog\/wp-content\/uploads\/2015\/04\/banda_larga_norte-300x181.png\" alt=\"banda_larga_norte\" width=\"429\" height=\"259\" srcset=\"http:\/\/www.entelco.com.br\/blog\/wp-content\/uploads\/2015\/04\/banda_larga_norte-300x181.png 300w, http:\/\/www.entelco.com.br\/blog\/wp-content\/uploads\/2015\/04\/banda_larga_norte.png 479w\" sizes=\"(max-width: 429px) 100vw, 429px\" \/><\/a><\/p>\n<p>&nbsp;<\/p>\n<p>O gerente de projetos do Minist\u00e9rio das Comunica\u00e7\u00f5es Pedro Lucas Ara\u00fajo afirma que o crescimento maior nessas regi\u00f5es j\u00e1 era esperado, por uma caracter\u00edstica natural do mercado. &#8220;As empresas come\u00e7am oferecendo o servi\u00e7o em regi\u00f5es mais populosas, onde o retorno financeiro \u00e9 mais r\u00e1pido, e depois buscam novas fronteiras&#8221;. Ele destaca, por\u00e9m, que este movimento foi mais intenso devido \u00e0s pol\u00edticas p\u00fablicas adotadas para o setor, sempre priorizando a redu\u00e7\u00e3o das desigualdades regionais. &#8220;Nos leil\u00f5es realizados pela Anatel, por exemplo, as empresas vencedoras sempre t\u00eam que cumprir metas de expans\u00e3o de infraestrutura. Essas metas s\u00e3o mais importantes at\u00e9 de que a pr\u00f3pria arrecada\u00e7\u00e3o do leil\u00e3o&#8221;, afirma. Uma das obriga\u00e7\u00f5es das empresas vencedoras do leil\u00e3o do 4G, por exemplo, \u00e9 ofertar a tecnologia de quarta gera\u00e7\u00e3o em todas as cidades com mais de 30 mil habitantes at\u00e9 dezembro de 2019.<\/p>\n<p>Ara\u00fajo tamb\u00e9m ressalta que o enorme crescimento da banda larga m\u00f3vel em todas as regi\u00f5es do Brasil comprova que o servi\u00e7o tem sido um importante instrumento de inclus\u00e3o digital. &#8220;Com um crescimento t\u00e3o expressivo, fica evidente que o servi\u00e7o est\u00e1 chegando a todas as camadas sociais e n\u00e3o apenas \u00e0s classes A e B&#8221;, conclui.<\/p>\n<p>&nbsp;<\/p>\n<p>Por<\/p>\n<p>Reda\u00e7\u00e3o<\/p>\n<p>ENTELCO TELECOM<\/p>\n<p><span style=\"color: #d4d4d4;\">Fonte: Anatel e MC<\/span><\/p>\n<\/div><\/div>","protected":false},"excerpt":{"rendered":"<p>A banda larga m\u00f3vel cresceu 735% em todo o Brasil, entre dezembro de 2010 e o mesmo m\u00eas de 2014, passando de 20,6 milh\u00f5es de acessos para 157,9 milh\u00f5es, segundo dados da Ag\u00eancia Nacional de Telecomunica\u00e7\u00f5es. Observando os dados por regi\u00e3o, constata-se que Norte e Nordeste foram as que mais registraram novas assinaturas do servi\u00e7o, [&hellip;]<\/p>\n","protected":false},"author":1,"featured_media":0,"comment_status":"open","ping_status":"open","sticky":false,"template":"","format":"standard","meta":[],"categories":[11,563],"tags":[1354,1649,235],"_links":{"self":[{"href":"http:\/\/www.entelco.com.br\/blog\/wp-json\/wp\/v2\/posts\/2018"}],"collection":[{"href":"http:\/\/www.entelco.com.br\/blog\/wp-json\/wp\/v2\/posts"}],"about":[{"href":"http:\/\/www.entelco.com.br\/blog\/wp-json\/wp\/v2\/types\/post"}],"author":[{"embeddable":true,"href":"http:\/\/www.entelco.com.br\/blog\/wp-json\/wp\/v2\/users\/1"}],"replies":[{"embeddable":true,"href":"http:\/\/www.entelco.com.br\/blog\/wp-json\/wp\/v2\/comments?post=2018"}],"version-history":[{"count":3,"href":"http:\/\/www.entelco.com.br\/blog\/wp-json\/wp\/v2\/posts\/2018\/revisions"}],"predecessor-version":[{"id":2026,"href":"http:\/\/www.entelco.com.br\/blog\/wp-json\/wp\/v2\/posts\/2018\/revisions\/2026"}],"wp:attachment":[{"href":"http:\/\/www.entelco.com.br\/blog\/wp-json\/wp\/v2\/media?parent=2018"}],"wp:term":[{"taxonomy":"category","embeddable":true,"href":"http:\/\/www.entelco.com.br\/blog\/wp-json\/wp\/v2\/categories?post=2018"},{"taxonomy":"post_tag","embeddable":true,"href":"http:\/\/www.entelco.com.br\/blog\/wp-json\/wp\/v2\/tags?post=2018"}],"curies":[{"name":"wp","href":"https:\/\/api.w.org\/{rel}","templated":true}]}}