{"id":1988,"date":"2015-04-10T13:00:43","date_gmt":"2015-04-10T16:00:43","guid":{"rendered":"http:\/\/www.entelco.com.br\/blog\/?p=1988"},"modified":"2015-04-05T23:16:08","modified_gmt":"2015-04-06T02:16:08","slug":"a-demora-do-ipv6-nas-redes-das-operadoras","status":"publish","type":"post","link":"http:\/\/www.entelco.com.br\/blog\/a-demora-do-ipv6-nas-redes-das-operadoras\/","title":{"rendered":"A demora do IPv6 nas redes das Operadoras."},"content":{"rendered":"<div id=\"dslc-theme-content\"><div id=\"dslc-theme-content-inner\"><p><a href=\"http:\/\/www.entelco.com.br\/blog\/wp-content\/uploads\/2015\/04\/IPv6-30-ENTELCO.jpg\"><img decoding=\"async\" loading=\"lazy\" class=\"alignleft  wp-image-1989\" src=\"http:\/\/www.entelco.com.br\/blog\/wp-content\/uploads\/2015\/04\/IPv6-30-ENTELCO.jpg\" alt=\"IPv6-30-ENTELCO\" width=\"141\" height=\"155\" \/><\/a>O IPv6 das redes fixas da Oi, estar\u00e3o totalmente implantado somente \u00a0em 2017 e os \u00f3rg\u00e3os da administra\u00e7\u00e3o p\u00fablica federal estar\u00e3o adaptadas ao novo protocolo da Internet, em 2018. \u00c9 o que mostra o relat\u00f3rio do Grupo de Trabalho para implanta\u00e7\u00e3o do protocolo IP vers\u00e3o 6 nas redes das Prestadoras de Servi\u00e7os de Telecomunica\u00e7\u00f5es, composto pela Anatel, teles, Comit\u00ea Gestor da Internet (CGI.br), SindiTelebrasil e Minist\u00e9rio das Comunica\u00e7\u00f5es. Os prazos foram definidos por meio de acordos. As demais operadoras prometem concluir a implanta\u00e7\u00e3o at\u00e9 dezembro deste ano.<\/p>\n<p>A Anatel recentemente anunciou que, a partir de julho deste ano, os novos usu\u00e1rios de Internet dos grandes centros passar\u00e3o necessariamente a ser endere\u00e7ados pelo protocolo IPv6. Para os clientes corporativos, o novo protocolo j\u00e1 est\u00e1 dispon\u00edvel, uma vez que as prestadoras conclu\u00edram a adapta\u00e7\u00e3o de suas redes em seus principais pontos de troca de tr\u00e1fego (PTTs). Para os usu\u00e1rios antigos, o acesso \u00e0 nova vers\u00e3o de endere\u00e7amento depender\u00e1 de solicita\u00e7\u00e3o \u00e0 operadora.<\/p>\n<p>Apesar da infraestrutura interna estar preparada para o IPv6, no caso da administra\u00e7\u00e3o p\u00fablica, poucas institui\u00e7\u00f5es t\u00eam experi\u00eancias de implanta\u00e7\u00e3o do protocolo. &#8220;Isto se deve, na maior parte, devido \u00e0 falta de pessoal capacitado em IPv6 nas \u00e1reas de TI, o que gera uma preocupa\u00e7\u00e3o\/desconforto dos gestores quanto \u00e0 transi\u00e7\u00e3o tecnol\u00f3gica para o IPv6&#8221;, ressalta o grupo, no relat\u00f3rio.<\/p>\n<p>As primeiras etapas deste processo, para o caso do plano elaborado para os orgaos publicos, \u00a0ser\u00e3o mais ativas nos provedores de acesso e fornecedores de servi\u00e7os de TI, afetando as redes mais externas (www) como servi\u00e7os de acesso, hospedagem e DNS e devem estar conclu\u00eddas ainda no primeiro semestre deste ano. As \u00faltimas etapas, que envolvem adequa\u00e7\u00e3o das infraestruturas e sistemas internos dos \u00f3rg\u00e3os, fornecedores de equipamentos e dispositivos, ou seja, as \u00e1reas de redes mais internas (Redes Locais \u2013 LANs), ser\u00e3o completadas em setembro de 2018.<\/p>\n<p>O estoque de endere\u00e7os IPv4 administrado pelo NIC.Br est\u00e1 praticamente esgotado, e os n\u00fameros restantes est\u00e3o sendo distribu\u00eddos de maneira muito mais criteriosa. Em algumas regi\u00f5es, o estoque n\u00e3o existe mais, e algumas operadoras passaram a adquirir lotes de endere\u00e7o no mercado paralelo.<\/p>\n<p>&nbsp;<\/p>\n<p>Por<\/p>\n<p>Reda\u00e7\u00e3o<\/p>\n<p>ENTELCO TELECOM<\/p>\n<\/div><\/div>","protected":false},"excerpt":{"rendered":"<p>O IPv6 das redes fixas da Oi, estar\u00e3o totalmente implantado somente \u00a0em 2017 e os \u00f3rg\u00e3os da administra\u00e7\u00e3o p\u00fablica federal estar\u00e3o adaptadas ao novo protocolo da Internet, em 2018. \u00c9 o que mostra o relat\u00f3rio do Grupo de Trabalho para implanta\u00e7\u00e3o do protocolo IP vers\u00e3o 6 nas redes das Prestadoras de Servi\u00e7os de Telecomunica\u00e7\u00f5es, composto [&hellip;]<\/p>\n","protected":false},"author":1,"featured_media":0,"comment_status":"open","ping_status":"open","sticky":false,"template":"","format":"standard","meta":[],"categories":[11,563],"tags":[1862,1603,1604,1605,876,875,1602,1606,1607],"_links":{"self":[{"href":"http:\/\/www.entelco.com.br\/blog\/wp-json\/wp\/v2\/posts\/1988"}],"collection":[{"href":"http:\/\/www.entelco.com.br\/blog\/wp-json\/wp\/v2\/posts"}],"about":[{"href":"http:\/\/www.entelco.com.br\/blog\/wp-json\/wp\/v2\/types\/post"}],"author":[{"embeddable":true,"href":"http:\/\/www.entelco.com.br\/blog\/wp-json\/wp\/v2\/users\/1"}],"replies":[{"embeddable":true,"href":"http:\/\/www.entelco.com.br\/blog\/wp-json\/wp\/v2\/comments?post=1988"}],"version-history":[{"count":1,"href":"http:\/\/www.entelco.com.br\/blog\/wp-json\/wp\/v2\/posts\/1988\/revisions"}],"predecessor-version":[{"id":1990,"href":"http:\/\/www.entelco.com.br\/blog\/wp-json\/wp\/v2\/posts\/1988\/revisions\/1990"}],"wp:attachment":[{"href":"http:\/\/www.entelco.com.br\/blog\/wp-json\/wp\/v2\/media?parent=1988"}],"wp:term":[{"taxonomy":"category","embeddable":true,"href":"http:\/\/www.entelco.com.br\/blog\/wp-json\/wp\/v2\/categories?post=1988"},{"taxonomy":"post_tag","embeddable":true,"href":"http:\/\/www.entelco.com.br\/blog\/wp-json\/wp\/v2\/tags?post=1988"}],"curies":[{"name":"wp","href":"https:\/\/api.w.org\/{rel}","templated":true}]}}