{"id":1961,"date":"2015-03-23T10:49:44","date_gmt":"2015-03-23T13:49:44","guid":{"rendered":"http:\/\/www.entelco.com.br\/blog\/?p=1961"},"modified":"2015-03-23T10:49:44","modified_gmt":"2015-03-23T13:49:44","slug":"anatel-preve-5-anos-de-migracao-para-redes-ipv6","status":"publish","type":"post","link":"http:\/\/www.entelco.com.br\/blog\/anatel-preve-5-anos-de-migracao-para-redes-ipv6\/","title":{"rendered":"ANATEL prev\u00ea 5 anos de migra\u00e7\u00e3o para redes IPv6."},"content":{"rendered":"<div id=\"dslc-theme-content\"><div id=\"dslc-theme-content-inner\"><p><a href=\"http:\/\/www.entelco.com.br\/blog\/wp-content\/uploads\/2015\/03\/IPv6-ENTELCO.jpg\"><img decoding=\"async\" loading=\"lazy\" class=\"alignleft  wp-image-1964\" src=\"http:\/\/www.entelco.com.br\/blog\/wp-content\/uploads\/2015\/03\/IPv6-ENTELCO-300x200.jpg\" alt=\"IPv6-ENTELCO\" width=\"153\" height=\"102\" srcset=\"http:\/\/www.entelco.com.br\/blog\/wp-content\/uploads\/2015\/03\/IPv6-ENTELCO-300x200.jpg 300w, http:\/\/www.entelco.com.br\/blog\/wp-content\/uploads\/2015\/03\/IPv6-ENTELCO.jpg 940w\" sizes=\"(max-width: 153px) 100vw, 153px\" \/><\/a>O IPv6 ser\u00e1 endere\u00e7ado \u00a0partir de julho deste ano, para os novos usu\u00e1rios de Internet dos grandes centros. Para os clientes corporativos, a novo protocolo j\u00e1 est\u00e1 dispon\u00edvel, uma vez que as prestadoras conclu\u00edram a adapta\u00e7\u00e3o de suas redes em seus principais pontos de troca de tr\u00e1fego (PTTs). Para os usu\u00e1rios antigos, o acesso \u00e0 nova vers\u00e3o de endere\u00e7amento depender\u00e1 de solicita\u00e7\u00e3o \u00e0 operadora \u00a0e registros de ASN.<\/p>\n<p>O acesso ao novo protocolo em todo o Pa\u00eds, segundo o superintendente de Planejamento e Regulamenta\u00e7\u00e3o da Anatel, Jos\u00e9 Alexandre Bicalho, ainda demorar\u00e1 cerca de dois anos, mas a preocupa\u00e7\u00e3o maior da ag\u00eancia \u00e9 com a migra\u00e7\u00e3o de conte\u00fados para o novo tipo de endere\u00e7amento que, at\u00e9 o momento, s\u00f3 aconteceu nos grandes players. &#8220;Mas isso depender\u00e1 de uma discuss\u00e3o maior&#8221;, disse Bicalho, que coordena o grupo de trabalho (GT) da Anatel que estabelece prazos para implanta\u00e7\u00e3o do novo protocolo.<\/p>\n<p>Em alguns casos, &#8220;Como em conte\u00fados p\u00fablicos, o governo federal vem desenvolvendo uma s\u00e9rie de atividades para a migra\u00e7\u00e3o dos dados da administra\u00e7\u00e3o federal. Na Anatel, a migra\u00e7\u00e3o deve estar conclu\u00edda nos pr\u00f3ximos meses&#8221;, disse Bicalho.<\/p>\n<p>A migra\u00e7\u00e3o total do IPv4 para IPv6, \u00a0para o superintendente, \u00a0ainda deve demorar at\u00e9 cinco anos, mas enquanto isso, os usu\u00e1rios n\u00e3o ser\u00e3o prejudicados pela escassez de endere\u00e7os na web. H\u00e1 pelo menos tr\u00eas anos as operadoras est\u00e3o usando tecnologias que permitem o compartilhamento do mesmo n\u00famero de IP (CG-NAT 44) ou de aloca\u00e7\u00e3o din\u00e2mica, que permite ampliar o n\u00famero de endere\u00e7os j\u00e1 disponibilizado para cada operadora. Por\u00e9m, essas solu\u00e7\u00f5es trazem algumas dificuldades, como o acesso remoto a sistemas de monitoramento por c\u00e2meras ou ainda para indicar inequivocamente o usu\u00e1rio do IP para fins de investiga\u00e7\u00f5es criminais.<\/p>\n<p>A solu\u00e7\u00e3o encontrada pelo GT no primeiro caso \u00e9 de que o usu\u00e1rio solicite um endere\u00e7o IPv4 fixo, quando estiver dispon\u00edvel. &#8220;J\u00e1 no caso de investiga\u00e7\u00e3o criminal, h\u00e1 a necessidade de que os provedores guardem tamb\u00e9m os n\u00fameros da porta dos sites, al\u00e9m dos logs de acesso&#8221;, explicou Bicalho.<\/p>\n<p>O uso do IPv6 garante ao usu\u00e1rio um bloco de endere\u00e7os que facilitar\u00e1 a conex\u00e3o de todos os equipamentos que ele tem em casa. Al\u00e9m disso, ressalta, o novo protocolo garante mais seguran\u00e7a na comunica\u00e7\u00e3o, j\u00e1 que usa um tipo de criptografia mais avan\u00e7ada.<\/p>\n<p>Hardware<\/p>\n<p>Os prazos para certifica\u00e7\u00e3o de equipamentos adequados ao IPv6, \u00a0foram definidos pela\u00a0Anatel. Desde janeiro, a ind\u00fastria de cable modem n\u00e3o consegue habilitar seus produtos que n\u00e3o estiverem compat\u00edveis com a nova vers\u00e3o do protocola. A partir de junho, a mesma exig\u00eancia ser\u00e1 feita aos terminais m\u00f3veis e, em janeiro de 2016, deve ser estendida \u00e0 banda larga fixa. &#8220;A norma para ADSL ainda est\u00e1 em discuss\u00e3o&#8221;, explicou Bicalho.<\/p>\n<p>Bicalho voltou a garantir que os usu\u00e1rios, em\u00a0entrevista concedida nesta sexta-feira, 20, que n\u00e3o ser\u00e3o afetados pelo processo de migra\u00e7\u00e3o do IPv4 para o IPv6. Ele disse que os equipamentos compat\u00edveis com a nova vers\u00e3o do protocolo j\u00e1 v\u00eam sendo vendidos no Pa\u00eds h\u00e1 tr\u00eas ou dois anos.<\/p>\n<p>O estoque de endere\u00e7os IPv4 administrado pelo NIC.Br est\u00e1 praticamente esgotado, e os n\u00fameros restantes est\u00e3o sendo distribu\u00eddos de maneira muito mais criteriosa. Em algumas regi\u00f5es, o estoque n\u00e3o existe mais, e algumas operadoras passaram a adquirir lotes de endere\u00e7o no mercado paralelo.<\/p>\n<p>&nbsp;<\/p>\n<p>Por<\/p>\n<p>Reda\u00e7\u00e3o<\/p>\n<p>ENTELCO TELECOM<\/p>\n<p><span style=\"color: #c7c3c3;\">Fonte: Teletime<\/span><\/p>\n<\/div><\/div>","protected":false},"excerpt":{"rendered":"<p>O IPv6 ser\u00e1 endere\u00e7ado \u00a0partir de julho deste ano, para os novos usu\u00e1rios de Internet dos grandes centros. Para os clientes corporativos, a novo protocolo j\u00e1 est\u00e1 dispon\u00edvel, uma vez que as prestadoras conclu\u00edram a adapta\u00e7\u00e3o de suas redes em seus principais pontos de troca de tr\u00e1fego (PTTs). Para os usu\u00e1rios antigos, o acesso \u00e0 [&hellip;]<\/p>\n","protected":false},"author":1,"featured_media":0,"comment_status":"open","ping_status":"open","sticky":false,"template":"","format":"standard","meta":[],"categories":[11,4,563],"tags":[1862,1603,1604,1605,876,875,1602,1606,1607],"_links":{"self":[{"href":"http:\/\/www.entelco.com.br\/blog\/wp-json\/wp\/v2\/posts\/1961"}],"collection":[{"href":"http:\/\/www.entelco.com.br\/blog\/wp-json\/wp\/v2\/posts"}],"about":[{"href":"http:\/\/www.entelco.com.br\/blog\/wp-json\/wp\/v2\/types\/post"}],"author":[{"embeddable":true,"href":"http:\/\/www.entelco.com.br\/blog\/wp-json\/wp\/v2\/users\/1"}],"replies":[{"embeddable":true,"href":"http:\/\/www.entelco.com.br\/blog\/wp-json\/wp\/v2\/comments?post=1961"}],"version-history":[{"count":3,"href":"http:\/\/www.entelco.com.br\/blog\/wp-json\/wp\/v2\/posts\/1961\/revisions"}],"predecessor-version":[{"id":1965,"href":"http:\/\/www.entelco.com.br\/blog\/wp-json\/wp\/v2\/posts\/1961\/revisions\/1965"}],"wp:attachment":[{"href":"http:\/\/www.entelco.com.br\/blog\/wp-json\/wp\/v2\/media?parent=1961"}],"wp:term":[{"taxonomy":"category","embeddable":true,"href":"http:\/\/www.entelco.com.br\/blog\/wp-json\/wp\/v2\/categories?post=1961"},{"taxonomy":"post_tag","embeddable":true,"href":"http:\/\/www.entelco.com.br\/blog\/wp-json\/wp\/v2\/tags?post=1961"}],"curies":[{"name":"wp","href":"https:\/\/api.w.org\/{rel}","templated":true}]}}