{"id":1735,"date":"2014-11-24T17:12:49","date_gmt":"2014-11-24T20:12:49","guid":{"rendered":"http:\/\/www.entelco.com.br\/blog\/?p=1735"},"modified":"2014-11-24T17:13:25","modified_gmt":"2014-11-24T20:13:25","slug":"oi-podera-ser-integrada-a-telecom-italia","status":"publish","type":"post","link":"http:\/\/www.entelco.com.br\/blog\/oi-podera-ser-integrada-a-telecom-italia\/","title":{"rendered":"Oi poder\u00e1 ser integrada a Telecom It\u00e1lia."},"content":{"rendered":"<div id=\"dslc-theme-content\"><div id=\"dslc-theme-content-inner\"><p><a href=\"http:\/\/www.entelco.com.br\/blog\/wp-content\/uploads\/2014\/11\/Oi-TIM.jpg\"><img decoding=\"async\" loading=\"lazy\" class=\"alignleft  wp-image-1736\" src=\"http:\/\/www.entelco.com.br\/blog\/wp-content\/uploads\/2014\/11\/Oi-TIM.jpg\" alt=\"Oi-TIM\" width=\"93\" height=\"86\" \/><\/a>Ap\u00f3s muita especula\u00e7\u00e3o tanto sobre o futuro da Telecom Italia quanto da Oi, o conselho de administra\u00e7\u00e3o da holding italiana aprovou em reuni\u00e3o extraordin\u00e1ria na tarde desta sexta, 21, o in\u00edcio de um processo para investigar a possibilidade de integra\u00e7\u00e3o com a operadora brasileira, que viu naufragar sua tentativa de fus\u00e3o com a Portugal Telecom ap\u00f3s o calote de 897 milh\u00f5es de euros da Rioforte. Em comunicado oficial, a Telecom Italia decidiu &#8220;dar poderes aos gestores (da empresa) para examinar em profundidade as op\u00e7\u00f5es para uma possivel integra\u00e7\u00e3o entre a TIMPart e Oi&#8221;. &#8220;Os pr\u00f3ximos passos, se houver&#8221;, continua o comunicado, &#8220;ser\u00e3o submetidos \u00e0 aprova\u00e7\u00e3o do board, seguindo a opini\u00e3o do comit\u00ea de diretores independentes&#8221;.<\/p>\n<p>Para que a opera\u00e7\u00e3o de integra\u00e7\u00e3o da TIM com a concession\u00e1ria brasileira aconte\u00e7a, no entanto, o conselho de administra\u00e7\u00e3o da italiana imp\u00f4s algumas pr\u00e9-condi\u00e7\u00f5es: o neg\u00f3cio tem de ser rent\u00e1vel para os acionistas da Telecom Italia, obviamente, e n\u00e3o deve fazer com que a empresa da It\u00e1lia se desvie da disciplina financeira que tem trilhado para tentar reduzir seu endividamento l\u00edquido que somava, ao final de setembro, 26,6 bilh\u00f5es de euros. Para tanto, a Telecom Italia quer acesso \u00e0 contabilidade da Oi, para evitar surpresas desagrad\u00e1veis. A Oi, vale lembrar, se encontra em uma situa\u00e7\u00e3o financeira complicada face a um endividamento l\u00edquido de cerca de 14 bilh\u00f5es de euros \u2013 mais de tr\u00eas vezes superior a seu valor de mercado (4,2 bilh\u00f5es de euros na cota\u00e7\u00e3o de hoje da BM&amp;FBovespa) \u2013 e alta alavancagem, a divida corresponde a mais de quatro vezes sua gera\u00e7\u00e3o de caixa medida pelo EBITDA. Tal situa\u00e7\u00e3o financeira deixou a Oi de fora do leil\u00e3o de 700 MHz para o 4G realizado pela Anatel e a aus\u00eancia da operadora do certame pode inferir justamente um caminho de fus\u00e3o com outra operadora brasileira que j\u00e1 tenha adquirido as frequ\u00eancias ou ainda a aquisi\u00e7\u00e3o por um operador internacional \u2013 que poderia recuperar o espectro de 700 MHz em futuro leil\u00e3o.<\/p>\n<p>Outro ponto a ser considerado pela Telecom Italia \u00e9 o \u00f4nus regulat\u00f3rio da concess\u00e3o de telefonia fixa da Oi, com obriga\u00e7\u00f5es de atendimento e qualidade em \u00e1reas sem viabilidade econ\u00f4mica, algo de que a TIM est\u00e1 livre hoje. O ponto positivo para os italianos seria ter acesso ao backbone e ao backhaul nacional da Oi, que seria complementado em S\u00e3o Paulo pela rede de fibra adquirida pela TIM da Atimus, antiga AES Eletropaulo Telecom. Al\u00e9m disso, a TIM somaria ao seu portf\u00f3lio de servi\u00e7os o neg\u00f3cio de TV por assinatura da Oi, cuja base de DTH somou mais de 1 milh\u00e3o assinantes ao final de setembro, de acordo com dados da Anatel.<\/p>\n<p>&nbsp;<\/p>\n<p>Por<\/p>\n<p>Reda\u00e7\u00e3o<\/p>\n<p>ENTELCO TELECOM<\/p>\n<p><span style=\"color: #c2c0c0;\">Fonte: Teletime<\/span><\/p>\n<\/div><\/div>","protected":false},"excerpt":{"rendered":"<p>Ap\u00f3s muita especula\u00e7\u00e3o tanto sobre o futuro da Telecom Italia quanto da Oi, o conselho de administra\u00e7\u00e3o da holding italiana aprovou em reuni\u00e3o extraordin\u00e1ria na tarde desta sexta, 21, o in\u00edcio de um processo para investigar a possibilidade de integra\u00e7\u00e3o com a operadora brasileira, que viu naufragar sua tentativa de fus\u00e3o com a Portugal Telecom [&hellip;]<\/p>\n","protected":false},"author":1,"featured_media":0,"comment_status":"open","ping_status":"open","sticky":false,"template":"","format":"standard","meta":[],"categories":[11,221],"tags":[1422,1424,1423],"_links":{"self":[{"href":"http:\/\/www.entelco.com.br\/blog\/wp-json\/wp\/v2\/posts\/1735"}],"collection":[{"href":"http:\/\/www.entelco.com.br\/blog\/wp-json\/wp\/v2\/posts"}],"about":[{"href":"http:\/\/www.entelco.com.br\/blog\/wp-json\/wp\/v2\/types\/post"}],"author":[{"embeddable":true,"href":"http:\/\/www.entelco.com.br\/blog\/wp-json\/wp\/v2\/users\/1"}],"replies":[{"embeddable":true,"href":"http:\/\/www.entelco.com.br\/blog\/wp-json\/wp\/v2\/comments?post=1735"}],"version-history":[{"count":2,"href":"http:\/\/www.entelco.com.br\/blog\/wp-json\/wp\/v2\/posts\/1735\/revisions"}],"predecessor-version":[{"id":1738,"href":"http:\/\/www.entelco.com.br\/blog\/wp-json\/wp\/v2\/posts\/1735\/revisions\/1738"}],"wp:attachment":[{"href":"http:\/\/www.entelco.com.br\/blog\/wp-json\/wp\/v2\/media?parent=1735"}],"wp:term":[{"taxonomy":"category","embeddable":true,"href":"http:\/\/www.entelco.com.br\/blog\/wp-json\/wp\/v2\/categories?post=1735"},{"taxonomy":"post_tag","embeddable":true,"href":"http:\/\/www.entelco.com.br\/blog\/wp-json\/wp\/v2\/tags?post=1735"}],"curies":[{"name":"wp","href":"https:\/\/api.w.org\/{rel}","templated":true}]}}