{"id":1699,"date":"2014-11-17T08:05:00","date_gmt":"2014-11-17T11:05:00","guid":{"rendered":"http:\/\/www.entelco.com.br\/blog\/?p=1699"},"modified":"2015-10-29T18:17:47","modified_gmt":"2015-10-29T21:17:47","slug":"o-repnbl-foi-estendido-ate-junho-de-2015","status":"publish","type":"post","link":"http:\/\/www.entelco.com.br\/blog\/o-repnbl-foi-estendido-ate-junho-de-2015\/","title":{"rendered":"O REPNBL foi estendido at\u00e9 junho de 2015."},"content":{"rendered":"<div id=\"dslc-theme-content\"><div id=\"dslc-theme-content-inner\"><h2>Prorroga\u00e7\u00e3o do REPNBL<\/h2>\n<p>A prorroga\u00e7\u00e3o do prazo para apresenta\u00e7\u00e3o de projetos ao Regime Especial de Tributa\u00e7\u00e3o do PNBL (REPNBL) agora \u00e9 fato. Foi publicada nesta sexta-feira (14\/11\/14) a lei n.\u00ba 13.043, que, entre outras medidas econ\u00f4micas, ampliou para 30 de junho de 2015 a data-limite para submiss\u00e3o de projetos de redes de banda larga ao Minist\u00e9rio das Comunica\u00e7\u00f5es.<\/p>\n<div id=\"attachment_1700\" style=\"width: 235px\" class=\"wp-caption aligncenter\"><img aria-describedby=\"caption-attachment-1700\" decoding=\"async\" loading=\"lazy\" class=\"wp-image-1700 size-full\" title=\"REPNBL\" src=\"http:\/\/www.entelco.com.br\/blog\/wp-content\/uploads\/2014\/11\/REPNBL-ENTELCO.jpg\" alt=\"REPNBL\" width=\"225\" height=\"225\" srcset=\"http:\/\/www.entelco.com.br\/blog\/wp-content\/uploads\/2014\/11\/REPNBL-ENTELCO.jpg 225w, http:\/\/www.entelco.com.br\/blog\/wp-content\/uploads\/2014\/11\/REPNBL-ENTELCO-150x150.jpg 150w\" sizes=\"(max-width: 225px) 100vw, 225px\" \/><p id=\"caption-attachment-1700\" class=\"wp-caption-text\">REPNBL<\/p><\/div>\n<p>O Regime Especial de Tributa\u00e7\u00e3o do Programa Nacional de Banda Larga (REPNBL) permite a empresas que investirem na constru\u00e7\u00e3o e moderniza\u00e7\u00e3o de infraestrutura de banda larga terem acesso a desonera\u00e7\u00e3o de impostos e contribui\u00e7\u00f5es federais. Para receberem os benef\u00edcios, as interessadas devem apresentar os projetos ao Minist\u00e9rio das Comunica\u00e7\u00f5es e, ap\u00f3s aprova\u00e7\u00e3o, pedirem habilita\u00e7\u00e3o \u00e0 Receita Federal.<\/p>\n<p>Os investimentos previstos nos projetos j\u00e1 apresentados ao Minist\u00e9rio das Comunica\u00e7\u00f5es ultrapassam a marca de R$ 12 bilh\u00f5es e devem beneficiar 1.754 cidades. O Departamento de Ind\u00fastria, Ci\u00eancia e Tecnologia (DEICT) do MiniCom aprovou at\u00e9 o momento 491 proposi\u00e7\u00f5es, que somam R$ 5,3 bilh\u00f5es.<\/p>\n<h2>O REPNBL<\/h2>\n<p>O objetivo do REPNBL \u00e9 contribuir com a massifica\u00e7\u00e3o da internet no pa\u00eds e a redu\u00e7\u00e3o das desigualdades regionais de acesso \u00e0 rede. As regras do programa permanecem as mesmas. Os projetos devem ser submetidos pelo site do Minist\u00e9rio das Comunica\u00e7\u00f5es e o prazo para as desonera\u00e7\u00f5es vai at\u00e9 31 de dezembro de 2016.<\/p>\n<h2>Cursos e Treinamentos<\/h2>\n<p>Para que os usu\u00e1rios possam criar suas redes nos padr\u00f5es de especifica\u00e7\u00f5es da ag\u00eancia Nacional a ANATEL, a ENTELCO TELECOM oferece diversos cursos e treinamentos em diversos setores, tais como, planejamento de infraestrutura (Radioenlace), curso de Antenas, de administra\u00e7\u00e3o de sistemas MikroTik, Ubiquiti, Motorola, Alcatel, NEC, entre outros fabricantes e suas certifica\u00e7\u00f5es. Os cursos podem ser encontrados no link\u00a0<a href=\"http:\/\/www.entelco.com.br\/cursos\/\">http:\/\/www.entelco.com.br\/cursos\/<\/a>.<\/p>\n<p>Al\u00e9m dos cursos voltados a redes Wireless, a ENTELCO tamb\u00e9m oferece cursos de gest\u00e3o, administra\u00e7\u00e3o, Redes de Computadores, Voz sobre IP (VoIP), Arquitetura de Redes TCP\/IP, Redes GPON (FTTx), tanto no formato presencial quanto no formato EaD (On Line).<\/p>\n<address>Por<\/address>\n<address>Reda\u00e7\u00e3o<\/address>\n<address>ENTELCO TELECOM<\/address>\n<p><span style=\"color: #d6d2d2;\">Fonte:. Minist\u00e9rio das Comunica\u00e7\u00f5es<\/span><\/p>\n<\/div><\/div>","protected":false},"excerpt":{"rendered":"<p>Prorroga\u00e7\u00e3o do REPNBL A prorroga\u00e7\u00e3o do prazo para apresenta\u00e7\u00e3o de projetos ao Regime Especial de Tributa\u00e7\u00e3o do PNBL (REPNBL) agora \u00e9 fato. Foi publicada nesta sexta-feira (14\/11\/14) a lei n.\u00ba 13.043, que, entre outras medidas econ\u00f4micas, ampliou para 30 de junho de 2015 a data-limite para submiss\u00e3o de projetos de redes de banda larga ao [&hellip;]<\/p>\n","protected":false},"author":1,"featured_media":0,"comment_status":"open","ping_status":"open","sticky":false,"template":"","format":"standard","meta":[],"categories":[11,221],"tags":[1862,1414,812,711,813,814,1413,811,815,1860,248,235,810,234,672,1859],"_links":{"self":[{"href":"http:\/\/www.entelco.com.br\/blog\/wp-json\/wp\/v2\/posts\/1699"}],"collection":[{"href":"http:\/\/www.entelco.com.br\/blog\/wp-json\/wp\/v2\/posts"}],"about":[{"href":"http:\/\/www.entelco.com.br\/blog\/wp-json\/wp\/v2\/types\/post"}],"author":[{"embeddable":true,"href":"http:\/\/www.entelco.com.br\/blog\/wp-json\/wp\/v2\/users\/1"}],"replies":[{"embeddable":true,"href":"http:\/\/www.entelco.com.br\/blog\/wp-json\/wp\/v2\/comments?post=1699"}],"version-history":[{"count":6,"href":"http:\/\/www.entelco.com.br\/blog\/wp-json\/wp\/v2\/posts\/1699\/revisions"}],"predecessor-version":[{"id":3053,"href":"http:\/\/www.entelco.com.br\/blog\/wp-json\/wp\/v2\/posts\/1699\/revisions\/3053"}],"wp:attachment":[{"href":"http:\/\/www.entelco.com.br\/blog\/wp-json\/wp\/v2\/media?parent=1699"}],"wp:term":[{"taxonomy":"category","embeddable":true,"href":"http:\/\/www.entelco.com.br\/blog\/wp-json\/wp\/v2\/categories?post=1699"},{"taxonomy":"post_tag","embeddable":true,"href":"http:\/\/www.entelco.com.br\/blog\/wp-json\/wp\/v2\/tags?post=1699"}],"curies":[{"name":"wp","href":"https:\/\/api.w.org\/{rel}","templated":true}]}}