{"id":1682,"date":"2014-11-10T09:00:58","date_gmt":"2014-11-10T12:00:58","guid":{"rendered":"http:\/\/www.entelco.com.br\/blog\/?p=1682"},"modified":"2014-11-10T20:59:10","modified_gmt":"2014-11-10T23:59:10","slug":"proteja-sua-antena-mikrotik-com-radome","status":"publish","type":"post","link":"http:\/\/www.entelco.com.br\/blog\/proteja-sua-antena-mikrotik-com-radome\/","title":{"rendered":"Proteja sua Antena MikroTik com Radome."},"content":{"rendered":"<div id=\"dslc-theme-content\"><div id=\"dslc-theme-content-inner\"><p><a href=\"http:\/\/www.entelco.com.br\/blog\/wp-content\/uploads\/2014\/11\/Radome_MikroTik_ENTELCO.jpg\"><img decoding=\"async\" loading=\"lazy\" class=\"alignleft  wp-image-1683\" src=\"http:\/\/www.entelco.com.br\/blog\/wp-content\/uploads\/2014\/11\/Radome_MikroTik_ENTELCO-300x266.jpg\" alt=\"Radome MikroTik ENTELCO\" width=\"144\" height=\"128\" srcset=\"http:\/\/www.entelco.com.br\/blog\/wp-content\/uploads\/2014\/11\/Radome_MikroTik_ENTELCO-300x266.jpg 300w, http:\/\/www.entelco.com.br\/blog\/wp-content\/uploads\/2014\/11\/Radome_MikroTik_ENTELCO-1024x909.jpg 1024w, http:\/\/www.entelco.com.br\/blog\/wp-content\/uploads\/2014\/11\/Radome_MikroTik_ENTELCO.jpg 1200w\" sizes=\"(max-width: 144px) 100vw, 144px\" \/><\/a>O Radome da MikorTik j\u00e1 est\u00e1 dispon\u00edvel para as antenas parab\u00f3licas da s\u00e9rie\u00a0MTAD-5G-30D3\u00a0e\u00a0MTAD-5G-30D3-PA. \u00a0Este Radome\u00a0reduz a incid\u00eancia de vento, protege as superf\u00edcies refletoras de ambiente hostil, protege a alimenta\u00e7\u00e3o da antena da queda de objetos, aves ou p\u00e1ssaros, bem como afeta positivamente a sustentabilidade da antena e a vida \u00fatil operacional. Ele \u00e9 feito de um material especial que tem uma baixa constante diel\u00e9trica, ampla faixa de temperatura e a luz solar refletida de forma direta n\u00e3o afetar\u00e1 \u00a0o sistema em um todo.<\/p>\n<p>Em propaga\u00e7\u00e3o de sinais de RF, podemos entender que os elementos eletromagn\u00e9ticos s\u00e3o \u201cespalhados\u201d em todo o ambiente em que se est\u00e1 irradiando o sinal gerado pelo transmissor atrav\u00e9s de uma ou mais antenas, portanto, a primeira regra sobre o fator entre a liga\u00e7\u00e3o de um ponto a outro no quesito irradia\u00e7\u00e3o de um enlace \u00e9 a diretividade da antena, onde, atrav\u00e9s de um feixe, \u201cilumina-se\u201d uma determinada \u00e1rea.<\/p>\n<p>Esta regi\u00e3o que recebe o sinal por sua vez, deve ter uma refer\u00eancia, que \u00e9 chamada de ru\u00eddo, mas ele deve existir, ou ent\u00e3o n\u00e3o ter\u00edamos a sequ\u00eancia de transmiss\u00e3o, mas este ru\u00eddo, precisa ter uma certa dist\u00e2ncia do sinal efetivamente recebido do transmissor inverso. \u00c9 neste ponto, onde a maioria dos profissionais que projetam um enlace e n\u00e3o s\u00e3o especializados em RF, criam problemas ao seu pr\u00f3prio prop\u00f3sito. Aparentemente este assunto \u00e9 simples, mesmo aos \u201cn\u00e3o engenheiros\u201d, pois a impress\u00e3o que temos \u00e9 de apenas colocar um R\u00e1dio transmissor potente e uma antena \u201cboa\u201d, e ai o restante acontece por osmose, mas felizmente isto n\u00e3o \u00e9 bem assim. Ser\u00e1 preciso um pouco mais de esfor\u00e7o e empenho para que este enlace fique a contento.<\/p>\n<p>As antenas em um dimensionamento de Radio-enlace, podem ser respons\u00e1veis por boa parte da qualidade e estabilidade de um link, no entanto, para que o dimensionamento correto seja feito, \u00e9 preciso estudar alguns elementos de Telecomunica\u00e7\u00f5es, tais como:<\/p>\n<ul>\n<li>Propaga\u00e7\u00e3o de sinais;<\/li>\n<li>Amplitude;<\/li>\n<li>Intensidade;<\/li>\n<li>Sensibilidade;<\/li>\n<li>Ru\u00eddo;<\/li>\n<li>Interfer\u00eancia;<\/li>\n<li>Modula\u00e7\u00e3o;<\/li>\n<li>Entre outros;<\/li>\n<\/ul>\n<p>A partir do iluminador de uma antena, n\u00f3s temos o espectro, onde n\u00e3o detemos o dom\u00ednio como num cabo ou mesmo na fibra \u00f3ptica, assim deveremos classificar nossa antena, obviamente em conjunto aos outros elementos, R\u00e1dio, pot\u00eancia, sensibilidade \u00a0e lista que apresentei acima. Na sequ\u00eancia, podemos adotar um crit\u00e9rio de calcular nosso enlace. Mesmo n\u00e3o sendo um especialista, voc\u00ea dever\u00e1 buscar conhecimento para tal. Sendo assim, basta somar todos estes elementos e aplic\u00e1-los ao seu enlace.<\/p>\n<p>Continuando com os aspecto do iluminador da antena, deveremos nos preocupar com a visada, dependendo da tecnologia, pois se o assunto \u00a0\u00e9 utilizar Wi-Fi para elaborar este projeto, a cautela dever\u00e1 ser maior \u00e9 claro, mas sem muitas preocupa\u00e7\u00e3o, basta voc\u00ea juntar as pe\u00e7as certas na posi\u00e7\u00e3o adequada e tudo ficar\u00e1 bem. Algumas tecnologias regeneram os sinais a partir de sua reflex\u00e3o, mas isto n\u00e3o cabe os R\u00e1dios Comuns que encontramos no mercado ao baixo custo.<\/p>\n<p>Ao determinar uma antena para enlaces Ponto a Ponto (PtP) deve utilizar antenas com l\u00f3bulo de irradia\u00e7\u00e3o e feixe menor poss\u00edvel, para iniciar o processo de qualidade no resultado de seu projeto. Em verdade, at\u00e9 mesmo as c\u00e9lulas de distribui\u00e7\u00e3o, conhecidas como Ponto Multi-Ponto (PtMP), muito utilizado por provedores WISP, deveriam adotar o crit\u00e9rio de diretividade, pois isto diminuir\u00e1 o n\u00famero de problemas a todos, inclusive quem n\u00e3o tenha nada haver com sua empresa.<\/p>\n<p>Para isto, aos que buscam conhecimento, podem consultar os cursos de planejamento, tanto de Radiofrequ\u00eancia em Infraestrutura que pode ser vista no c<a title=\"Curso de Planejamento de R\u00e1dio Enlace\" href=\"http:\/\/www.entelco.com.br\/cursos\/?id=49\" target=\"_blank\">urso de planejamento de Radio Enlace<\/a>, \u00a0ou at\u00e9 mesmo no <a title=\"Curso MikroTik Wireless Engineer\" href=\"http:\/\/www.entelco.com.br\/cursos\/?id=28\" target=\"_blank\">curso de planejamento de enlaces MikroTik<\/a>\u00a0 . Vale lembrar que n\u00e3o \u00e9 em poucos dias que \u00e9 poss\u00edvel conhecer tudo o que \u00e9 necess\u00e1rio para fazer o melhor enlace, mas depender\u00e1 do esfor\u00e7o e dedica\u00e7\u00e3o de cada um para aprimorar o conhecimento transmitido ao longo de um treinamento.<\/p>\n<p>Por<\/p>\n<p>Reda\u00e7\u00e3o<\/p>\n<p>ENTELCO TELECOM<\/p>\n<\/div><\/div>","protected":false},"excerpt":{"rendered":"<p>O Radome da MikorTik j\u00e1 est\u00e1 dispon\u00edvel para as antenas parab\u00f3licas da s\u00e9rie\u00a0MTAD-5G-30D3\u00a0e\u00a0MTAD-5G-30D3-PA. \u00a0Este Radome\u00a0reduz a incid\u00eancia de vento, protege as superf\u00edcies refletoras de ambiente hostil, protege a alimenta\u00e7\u00e3o da antena da queda de objetos, aves ou p\u00e1ssaros, bem como afeta positivamente a sustentabilidade da antena e a vida \u00fatil operacional. Ele \u00e9 feito de [&hellip;]<\/p>\n","protected":false},"author":1,"featured_media":0,"comment_status":"open","ping_status":"open","sticky":false,"template":"","format":"standard","meta":[],"categories":[14],"tags":[474,656,649,643,637,634,576,591,572,181,390,394,204,593,33,389,1395,116,115,19,584,1860,248,628,627,624,625,653,655,652,648,651,581,578,379,583,587,586,764,393,392,592,163,640,642,639,762,641,596,650,763,381,382,575,183,391,761,585,1396,1398,1397,579,43,644,580,573,574,577,384,385,185,654,383,636,633,635,590,647,632,646,629,184,589],"_links":{"self":[{"href":"http:\/\/www.entelco.com.br\/blog\/wp-json\/wp\/v2\/posts\/1682"}],"collection":[{"href":"http:\/\/www.entelco.com.br\/blog\/wp-json\/wp\/v2\/posts"}],"about":[{"href":"http:\/\/www.entelco.com.br\/blog\/wp-json\/wp\/v2\/types\/post"}],"author":[{"embeddable":true,"href":"http:\/\/www.entelco.com.br\/blog\/wp-json\/wp\/v2\/users\/1"}],"replies":[{"embeddable":true,"href":"http:\/\/www.entelco.com.br\/blog\/wp-json\/wp\/v2\/comments?post=1682"}],"version-history":[{"count":2,"href":"http:\/\/www.entelco.com.br\/blog\/wp-json\/wp\/v2\/posts\/1682\/revisions"}],"predecessor-version":[{"id":3673,"href":"http:\/\/www.entelco.com.br\/blog\/wp-json\/wp\/v2\/posts\/1682\/revisions\/3673"}],"wp:attachment":[{"href":"http:\/\/www.entelco.com.br\/blog\/wp-json\/wp\/v2\/media?parent=1682"}],"wp:term":[{"taxonomy":"category","embeddable":true,"href":"http:\/\/www.entelco.com.br\/blog\/wp-json\/wp\/v2\/categories?post=1682"},{"taxonomy":"post_tag","embeddable":true,"href":"http:\/\/www.entelco.com.br\/blog\/wp-json\/wp\/v2\/tags?post=1682"}],"curies":[{"name":"wp","href":"https:\/\/api.w.org\/{rel}","templated":true}]}}