{"id":1650,"date":"2014-11-03T13:22:30","date_gmt":"2014-11-03T16:22:30","guid":{"rendered":"http:\/\/www.entelco.com.br\/blog\/?p=1650"},"modified":"2014-11-03T13:32:07","modified_gmt":"2014-11-03T16:32:07","slug":"o-crescimento-da-banda-larga-o-brasil","status":"publish","type":"post","link":"http:\/\/www.entelco.com.br\/blog\/o-crescimento-da-banda-larga-o-brasil\/","title":{"rendered":"O crescimento da Banda Larga no Brasil"},"content":{"rendered":"<div id=\"dslc-theme-content\"><div id=\"dslc-theme-content-inner\"><p><a href=\"http:\/\/www.entelco.com.br\/blog\/wp-content\/uploads\/2014\/11\/banda-larga_ENTELCO.jpg\"><img decoding=\"async\" loading=\"lazy\" class=\"alignleft  wp-image-1651\" src=\"http:\/\/www.entelco.com.br\/blog\/wp-content\/uploads\/2014\/11\/banda-larga_ENTELCO-300x219.jpg\" alt=\"Banda Larga\" width=\"151\" height=\"110\" srcset=\"http:\/\/www.entelco.com.br\/blog\/wp-content\/uploads\/2014\/11\/banda-larga_ENTELCO-300x219.jpg 300w, http:\/\/www.entelco.com.br\/blog\/wp-content\/uploads\/2014\/11\/banda-larga_ENTELCO.jpg 400w\" sizes=\"(max-width: 151px) 100vw, 151px\" \/><\/a>A novidade \u00e9 com expans\u00e3o de 69% nos \u00faltimos 12 meses, pois, a banda larga m\u00f3vel vem puxando o crescimento dos acessos de Internet em alta velocidade no Pa\u00eds, que totalizaram 171,5 milh\u00f5es ao final de agosto, crescimento anual de 50% com adi\u00e7\u00e3o de 56,8 milh\u00f5es de novos acessos, fixos e m\u00f3veis \u2013 o equivalente a 1,8 nova conex\u00e3o por segundo.<\/p>\n<p>Nada menos do que 86,3%, ou 148 milh\u00f5es de conex\u00f5es ao fim de agosto, utilizavam redes 3G e 4G. Essas conex\u00f5es m\u00f3veis cresceram 69% nos \u00faltimos 12 meses e hoje o Pa\u00eds j\u00e1 tem mais terminais m\u00f3veis com conex\u00e3o \u00e0 Internet em banda larga do que sem. S\u00e3o 132,2 milh\u00f5es de conex\u00f5es de celulares, incluindo os smartphones, e 15,8 milh\u00f5es s\u00e3o terminais de dados, entre eles modems de acesso \u00e0 Internet e chips de conex\u00e3o m\u00e1quina-a-m\u00e1quina (M2M). As conex\u00f5es 4G somam 4,2 milh\u00f5es de acessos.<\/p>\n<p>Com rela\u00e7\u00e3o a banda larga fixa, a Telebrasil contabiliza 23,5 milh\u00f5es de conex\u00f5es ao fim de agosto, com 2 milh\u00f5es de novas conex\u00f5es ativadas nos \u00faltimos doze meses (alta anual de 9,4%). A infraestrutura de banda larga fixa est\u00e1 presente em todos os munic\u00edpios brasileiros e conecta 66 mil institui\u00e7\u00f5es p\u00fablicas de ensino fundamental e m\u00e9dio, pelo programa Banda Larga nas Escolas.<\/p>\n<p>&nbsp;<\/p>\n<p>Contudo&#8230;..<\/p>\n<p><a href=\"http:\/\/www.entelco.com.br\/blog\/wp-content\/uploads\/2014\/11\/distribuicao-da-banda-larga-no-brasil.jpg\"><img decoding=\"async\" loading=\"lazy\" class=\"aligncenter  wp-image-1653\" src=\"http:\/\/www.entelco.com.br\/blog\/wp-content\/uploads\/2014\/11\/distribuicao-da-banda-larga-no-brasil.jpg\" alt=\"Banda Larga Brasil\" width=\"511\" height=\"332\" srcset=\"http:\/\/www.entelco.com.br\/blog\/wp-content\/uploads\/2014\/11\/distribuicao-da-banda-larga-no-brasil.jpg 900w, http:\/\/www.entelco.com.br\/blog\/wp-content\/uploads\/2014\/11\/distribuicao-da-banda-larga-no-brasil-300x194.jpg 300w\" sizes=\"(max-width: 511px) 100vw, 511px\" \/><\/a><\/p>\n<p>Neste caso, a cobertura da banda larga m\u00f3vel foi ativada em 310 novos munic\u00edpios nos \u00faltimos doze meses. S\u00e3o 3.771 munic\u00edpios, que concentram 92% da popula\u00e7\u00e3o, com redes 3G. O 4G, por sua vez, est\u00e1 presente em 119 cidades, com 39% da popula\u00e7\u00e3o, mas ainda falta muito.<\/p>\n<p>Precisamos levar levar at\u00e9 as regi\u00f5es mais remotas o que h\u00e1 e melhor em tecnologia, mas para isto, precisaremos de uma grande interven\u00e7\u00e3o das operados, onde est\u00e1 o maior problema atualmente, o investimento. Com o incentivo fiscal aos provedores de acesso, este cen\u00e1rio tende a mudar, mas precisamos orientar aos nossos novos e promissores empres\u00e1rios deste meio.<\/p>\n<p>Para que a maior parte das regi\u00f5es que ser\u00e3o abordadas e atendidas com este novo mercado tecnol\u00f3gico promissor, a ENTELCO est\u00e1 oferecendo diversos cursos na \u00e1rea de TI &amp; Telecom, basta acessar ao site na \u00e1rea cursos e escolher \u00a0o que se enquadre melhor com a sua necessidade <a title=\"Cursos abertos Tecnol\u00f3gicos\" href=\"http:\/\/www.entelco.com.br\/cursos\" target=\"_blank\">www.entelco.com.br<\/a>.<\/p>\n<p>&nbsp;<\/p>\n<p>Por<\/p>\n<p>Reda\u00e7\u00e3o<\/p>\n<p>ENTELCO TELECOM<\/p>\n<p><span style=\"color: #d9d4d4;\">Fonte: Teletime e Ipea<\/span><\/p>\n<\/div><\/div>","protected":false},"excerpt":{"rendered":"<p>A novidade \u00e9 com expans\u00e3o de 69% nos \u00faltimos 12 meses, pois, a banda larga m\u00f3vel vem puxando o crescimento dos acessos de Internet em alta velocidade no Pa\u00eds, que totalizaram 171,5 milh\u00f5es ao final de agosto, crescimento anual de 50% com adi\u00e7\u00e3o de 56,8 milh\u00f5es de novos acessos, fixos e m\u00f3veis \u2013 o equivalente [&hellip;]<\/p>\n","protected":false},"author":1,"featured_media":0,"comment_status":"open","ping_status":"open","sticky":false,"template":"","format":"standard","meta":[],"categories":[11,4,221],"tags":[1354,1369,1370,64,1358,1002,1360,1362,1367,1364,1363,710,1359,1371,1368,1365,368,1366,1361,248,1356,334,1864,1355,1357,235,234],"_links":{"self":[{"href":"http:\/\/www.entelco.com.br\/blog\/wp-json\/wp\/v2\/posts\/1650"}],"collection":[{"href":"http:\/\/www.entelco.com.br\/blog\/wp-json\/wp\/v2\/posts"}],"about":[{"href":"http:\/\/www.entelco.com.br\/blog\/wp-json\/wp\/v2\/types\/post"}],"author":[{"embeddable":true,"href":"http:\/\/www.entelco.com.br\/blog\/wp-json\/wp\/v2\/users\/1"}],"replies":[{"embeddable":true,"href":"http:\/\/www.entelco.com.br\/blog\/wp-json\/wp\/v2\/comments?post=1650"}],"version-history":[{"count":8,"href":"http:\/\/www.entelco.com.br\/blog\/wp-json\/wp\/v2\/posts\/1650\/revisions"}],"predecessor-version":[{"id":1661,"href":"http:\/\/www.entelco.com.br\/blog\/wp-json\/wp\/v2\/posts\/1650\/revisions\/1661"}],"wp:attachment":[{"href":"http:\/\/www.entelco.com.br\/blog\/wp-json\/wp\/v2\/media?parent=1650"}],"wp:term":[{"taxonomy":"category","embeddable":true,"href":"http:\/\/www.entelco.com.br\/blog\/wp-json\/wp\/v2\/categories?post=1650"},{"taxonomy":"post_tag","embeddable":true,"href":"http:\/\/www.entelco.com.br\/blog\/wp-json\/wp\/v2\/tags?post=1650"}],"curies":[{"name":"wp","href":"https:\/\/api.w.org\/{rel}","templated":true}]}}