{"id":1295,"date":"2014-01-25T11:00:15","date_gmt":"2014-01-25T14:00:15","guid":{"rendered":"http:\/\/www.entelco.com.br\/blog\/?p=1295"},"modified":"2014-01-26T08:33:43","modified_gmt":"2014-01-26T11:33:43","slug":"sao-paulo-celebra-460-anos-com-show-festa-e-bolo-de-aniversario","status":"publish","type":"post","link":"http:\/\/www.entelco.com.br\/blog\/sao-paulo-celebra-460-anos-com-show-festa-e-bolo-de-aniversario\/","title":{"rendered":"S\u00e3o Paulo celebra 460 anos com show, festa e bolo de anivers\u00e1rio"},"content":{"rendered":"<div id=\"dslc-theme-content\"><div id=\"dslc-theme-content-inner\"><p><a href=\"http:\/\/www.entelco.com.br\/blog\/wp-content\/uploads\/2014\/01\/SaoPaulo460anos1.png\"><img decoding=\"async\" loading=\"lazy\" class=\"alignleft  wp-image-1299\" title=\"SaoPaulo460anos\" src=\"http:\/\/www.entelco.com.br\/blog\/wp-content\/uploads\/2014\/01\/SaoPaulo460anos1-150x150.png\" alt=\"\" width=\"99\" height=\"99\" \/><\/a>A cidade completou 460 anos neste s\u00e1bado(25) e a prefeitura promoveu uma s\u00e9rie de atra\u00e7\u00f5es para celebrar esta data. Na regi\u00e3o central, cora\u00e7\u00e3o da cidade, as comemora\u00e7\u00f5es iniciaram j\u00e1 na sexta-feira com a festa tradicional Boliviana \u201cAlasitas\u201d, que ter\u00e1 m\u00fasica e comidas t\u00edpicas na pra\u00e7a Ulisses Guimar\u00e3es e tamb\u00e9m com a comemora\u00e7\u00e3o pela retomada do Cine Belas Artes, na pra\u00e7a do Ciclista.<\/p>\n<p>E como toda festa de anivers\u00e1rio pede bolo, bastou ir at\u00e9 a rua Rui Barbosa e aproveitar, no dia 25, o tradicional bolo do Bixiga, que este ano foi distribu\u00eddo em peda\u00e7os para cerca de 5 mil pessoas. Durante todo o dia houve diversas atra\u00e7\u00f5es no local com shows da comunidade, homenagens e exposi\u00e7\u00f5es, finalizando com a m\u00fasica da escola de Samba Vai-Vai, no fim da tarde. Tamb\u00e9m com o apoio da Subprefeitura S\u00e9, aconteceu no s\u00e1bado o Grande Show de Anivers\u00e1rio, na pra\u00e7a da Rep\u00fablica. A m\u00fasica ficou por conta de Paulinho da Viola seguida de outras atra\u00e7\u00f5es como Clube do Balan\u00e7o convida: Skowa, Karol Conk\u00e1 e Keith Sweat.<\/p>\n<p>Al\u00e9m disso, houve programa\u00e7\u00e3o de teatro, anima\u00e7\u00e3o, brincadeiras a at\u00e9 Yoga para o p\u00fablico\u00a0infanto-juvenil, na Pra\u00e7a das Artes. Mais uma vez, os\u00a0\u201cChefs na rua\u201d, com importantes nomes da gastronomia paulistana servem pratos a pre\u00e7os acess\u00edveis. Foram 15 barracas localizadas na Pra\u00e7a Ramos de Azevedo, em frente ao Theatro Municipal. O\u00a0Mercado Municipal\u00a0tamb\u00e9m tem programa\u00e7\u00e3o de anivers\u00e1rio que ocorreu at\u00e9 o domingo (26).<\/p>\n<p>Pra quem curte esporte teve a\u00a0Patinada no Minhoc\u00e3o, com atividades f\u00edsicas e esportivas e a Caminhada do Bem, que saiu da pra\u00e7a as S\u00e9 \u00e0s 10h, passando pelas pra\u00e7a do Patriarca, Viaduto do Ch\u00e1 e outras ruas do centro, finalizando na pra\u00e7a Princesa Isabel. Houve tamb\u00e9m a Final da Copa S\u00e3o Paulo de Futebol J\u00fanior a partir das 10h no est\u00e1dio do Pacaembu, al\u00e9m de outras\u00a0atividades esportivas\u00a0em diversos locais da cidade. Outros\u00a0shows\u00a0que fazem parte do circuito de eventos descentralizados aconteceram nos parques da cidade (norte, sul, leste e oeste).<\/p>\n<p>A <a title=\"ENTELCO TELECOM\" href=\"http:\/\/www.entelco.com.br\" target=\"_blank\">ENTELCO TELECOM<\/a> tem orgulho de ser uma empresa paulista. mas em particular a cidade paulistana mais uma vez mostra a sua \u00a0beleza e recursos a toda a popula\u00e7\u00e3o nesta comemora\u00e7\u00e3o de 460 anos. Parab\u00e9ns S\u00e3o Paulo.<\/p>\n<p>Por<\/p>\n<p>Reda\u00e7\u00e3o<\/p>\n<p>ENTELCO TELECOM<\/p>\n<p>&nbsp;<\/p>\n<\/div><\/div>","protected":false},"excerpt":{"rendered":"<p>A cidade completou 460 anos neste s\u00e1bado(25) e a prefeitura promoveu uma s\u00e9rie de atra\u00e7\u00f5es para celebrar esta data. Na regi\u00e3o central, cora\u00e7\u00e3o da cidade, as comemora\u00e7\u00f5es iniciaram j\u00e1 na sexta-feira com a festa tradicional Boliviana \u201cAlasitas\u201d, que ter\u00e1 m\u00fasica e comidas t\u00edpicas na pra\u00e7a Ulisses Guimar\u00e3es e tamb\u00e9m com a comemora\u00e7\u00e3o pela retomada do [&hellip;]<\/p>\n","protected":false},"author":1,"featured_media":0,"comment_status":"open","ping_status":"open","sticky":false,"template":"","format":"standard","meta":[],"categories":[4],"tags":[915,913,914,916,248,912],"_links":{"self":[{"href":"http:\/\/www.entelco.com.br\/blog\/wp-json\/wp\/v2\/posts\/1295"}],"collection":[{"href":"http:\/\/www.entelco.com.br\/blog\/wp-json\/wp\/v2\/posts"}],"about":[{"href":"http:\/\/www.entelco.com.br\/blog\/wp-json\/wp\/v2\/types\/post"}],"author":[{"embeddable":true,"href":"http:\/\/www.entelco.com.br\/blog\/wp-json\/wp\/v2\/users\/1"}],"replies":[{"embeddable":true,"href":"http:\/\/www.entelco.com.br\/blog\/wp-json\/wp\/v2\/comments?post=1295"}],"version-history":[{"count":13,"href":"http:\/\/www.entelco.com.br\/blog\/wp-json\/wp\/v2\/posts\/1295\/revisions"}],"predecessor-version":[{"id":1308,"href":"http:\/\/www.entelco.com.br\/blog\/wp-json\/wp\/v2\/posts\/1295\/revisions\/1308"}],"wp:attachment":[{"href":"http:\/\/www.entelco.com.br\/blog\/wp-json\/wp\/v2\/media?parent=1295"}],"wp:term":[{"taxonomy":"category","embeddable":true,"href":"http:\/\/www.entelco.com.br\/blog\/wp-json\/wp\/v2\/categories?post=1295"},{"taxonomy":"post_tag","embeddable":true,"href":"http:\/\/www.entelco.com.br\/blog\/wp-json\/wp\/v2\/tags?post=1295"}],"curies":[{"name":"wp","href":"https:\/\/api.w.org\/{rel}","templated":true}]}}