{"id":1178,"date":"2013-11-18T07:00:42","date_gmt":"2013-11-18T10:00:42","guid":{"rendered":"http:\/\/www.entelco.com.br\/blog\/?p=1178"},"modified":"2013-11-17T22:39:24","modified_gmt":"2013-11-18T01:39:24","slug":"exigencias-no-leilao-de-700-mhz","status":"publish","type":"post","link":"http:\/\/www.entelco.com.br\/blog\/exigencias-no-leilao-de-700-mhz\/","title":{"rendered":"Exig\u00eancias no leil\u00e3o de 700 MHz."},"content":{"rendered":"<div id=\"dslc-theme-content\"><div id=\"dslc-theme-content-inner\"><p><a href=\"http:\/\/www.entelco.com.br\/blog\/wp-content\/uploads\/2013\/11\/torre_ENTELCO.jpg\"><img decoding=\"async\" loading=\"lazy\" class=\"alignleft  wp-image-1181\" title=\"SAMSUNG DIGIMAX A55W\" src=\"http:\/\/www.entelco.com.br\/blog\/wp-content\/uploads\/2013\/11\/torre_ENTELCO.jpg\" alt=\"\" width=\"104\" height=\"78\" srcset=\"http:\/\/www.entelco.com.br\/blog\/wp-content\/uploads\/2013\/11\/torre_ENTELCO.jpg 600w, http:\/\/www.entelco.com.br\/blog\/wp-content\/uploads\/2013\/11\/torre_ENTELCO-300x225.jpg 300w\" sizes=\"(max-width: 104px) 100vw, 104px\" \/><\/a>A faixa de frequ\u00eancia de 700 MHz, foi destinada \u00e0 banda larga m\u00f3vel e a radiodifus\u00e3o p\u00fablica j\u00e1 v\u00ea como uma briga perdida a disputa. Agora a pr\u00f3xima briga \u00e9 buscar uma compensa\u00e7\u00e3o junto \u00e0queles que est\u00e3o tomando seu lugar. &#8220;Que o setor de telecom construa o operador nacional de rede como contrapartida ao leil\u00e3o&#8221;, pediu o presidente da EBC, Nelson Breve, em audi\u00eancia p\u00fablica na C\u00e2mara dos Deputados.<\/p>\n<p>O operador nacional de rede consiste em um compartilhamento das antenas de radiodifus\u00e3o das emissoras p\u00fablicas em todo o Pa\u00eds. Breve afirma que em Bras\u00edlia isso j\u00e1 est\u00e1 sendo feito na nova Torre Digital, incluindo tamb\u00e9m as emissoras privadas, resultando em economia para todos.<\/p>\n<p>Esta solicita\u00e7\u00e3o, n\u00e3o tem chance de ser atendida. O superintendente de Outorgas e Recursos \u00e0 Presta\u00e7\u00e3o da Anatel, Marconi Maya, foi claro. &#8220;Essa n\u00e3o \u00e9 uma pol\u00edtica p\u00fablica colocada para a Anatel implementar. Isso n\u00e3o existe&#8221;, disse ele.<\/p>\n<p>A ideia \u00e9 colocar em consulta p\u00fablica o replanejamento de canais de todos os estados at\u00e9 o final do ano. Est\u00e3o faltando: Norte, Nordeste, Mato Grosso, Mato Grosso do Sul, Minas Gerais, Santa Catarina e Rio Grande do Sul.<\/p>\n<p>A Anatel est\u00e1 realizando os testes para identificar a interfer\u00eancia entre os servi\u00e7os de radiodifus\u00e3o e banda larga m\u00f3vel. Testes de campo est\u00e3o previstos para dezembro, depois ser\u00e3o realizados testes de laborat\u00f3rio. \u00a0A ideia, \u00a0\u00e9 concluir os dois testes em fevereiro.<\/p>\n<p>O assunto requer bastante cuidado, principalmente para as empresas que prestar\u00e3o estes servi\u00e7os em 2014, pois depender\u00e3o de uma s\u00e9rie de regulamentos a serem estabelecidos. Mas n\u00e3o basta a parte burocr\u00e1tica ou mesmo legislativa, e sim tamb\u00e9m o lado tecnol\u00f3gico. Segundo o engenheiro Rog\u00e9rio Barion da ENTELCO TELECOM,, \u00e9 fundamental para este perfil de empresas, que se preparem com o conhecimento, ou em casos de empresas de maior porte, que invistam em profissionais gabaritados. &#8220;A defici\u00eancia em m\u00e3o de obra especializada que temos no mercado nacional atualmente \u00e9 uma prova de que o governo precisa investir em nossos jovens&#8221;, afirma Barion. Mas atualmente dados informados pelo CREA, Conselho Regional de Engenharia e Agronomia, relata que o Brasil precisaria de 21 engenheiro a cada mil habitantes, mas a nossa realidade \u00e9 outra, no Brasil temos apenas 7 engenheiros a cada 1.000 habitantes. Os dados informados pelo CREA, s\u00e3o baseados em realidades de pa\u00edses em franco crescimento, e em \u00e1reas diversas, sendo, Constru\u00e7\u00e3o civil, produ\u00e7\u00e3o, telecomunica\u00e7\u00f5es, computa\u00e7\u00e3o, etc., e o Brasil se enquadra neste perfil, mas ainda falta muito investimento em educa\u00e7\u00e3o.<\/p>\n<p>Muitos fabricantes de linhas de equipamentos de baixo custo e facilidade de implementa\u00e7\u00e3o podem ser encontrados em nosso mercado, tais como, MikroTik, Ruckus, Ubiquiti, Intelbras, etc. Ressalta ainda Barion, que mesmo com a apar\u00eancia simples e convidativa de \u00a0equipamentos como o da linha Ubiquiti, pela suposta facilidade de uso e montagem, \u00e9 primordial o conhecimento m\u00ednimo para garantir a qualidade, estabilidade e boas taxas de transfer\u00eancias. Todos estes t\u00f3picos s\u00e3o abordados nos treinamento da empresa que s\u00e3o voltados a RF e dimensionamento de enlaces, e em espec\u00edfico para os equipamentos da linha airMAX. Para isto \u00e9 oferecido o curso da ENTELCO em linha do protocolo TDMA, assim como o dimensionamento dos enlaces.<\/p>\n<p>As inscri\u00e7\u00f5es podem ser feitas pelo link,\u00a0<a href=\"http:\/\/www.entelco.com.br\/cursos\/?id=51\" target=\"_blank\">Curso Ubiquiti\u00a0airMAX<\/a>\u00a0e Redes Coporativas <a title=\"Curso de Ubiquiti UniFi admin\" href=\"http:\/\/www.entelco.com.br\/cursos\/?id=52\" target=\"_blank\">UniFi admin<\/a> juntamente das certifica\u00e7\u00f5es.<\/p>\n<p>&nbsp;<\/p>\n<p>Por<\/p>\n<p>Reda\u00e7\u00e3o<\/p>\n<p>ENTELCO TELECOM<\/p>\n<p>&nbsp;<\/p>\n<\/div><\/div>","protected":false},"excerpt":{"rendered":"<p>A faixa de frequ\u00eancia de 700 MHz, foi destinada \u00e0 banda larga m\u00f3vel e a radiodifus\u00e3o p\u00fablica j\u00e1 v\u00ea como uma briga perdida a disputa. Agora a pr\u00f3xima briga \u00e9 buscar uma compensa\u00e7\u00e3o junto \u00e0queles que est\u00e3o tomando seu lugar. &#8220;Que o setor de telecom construa o operador nacional de rede como contrapartida ao leil\u00e3o&#8221;, [&hellip;]<\/p>\n","protected":false},"author":1,"featured_media":0,"comment_status":"open","ping_status":"open","sticky":false,"template":"","format":"standard","meta":[],"categories":[11,3],"tags":[873,1862,805,807,872,871,1860,248,874,804,809,808,163,397,806,1863,672],"_links":{"self":[{"href":"http:\/\/www.entelco.com.br\/blog\/wp-json\/wp\/v2\/posts\/1178"}],"collection":[{"href":"http:\/\/www.entelco.com.br\/blog\/wp-json\/wp\/v2\/posts"}],"about":[{"href":"http:\/\/www.entelco.com.br\/blog\/wp-json\/wp\/v2\/types\/post"}],"author":[{"embeddable":true,"href":"http:\/\/www.entelco.com.br\/blog\/wp-json\/wp\/v2\/users\/1"}],"replies":[{"embeddable":true,"href":"http:\/\/www.entelco.com.br\/blog\/wp-json\/wp\/v2\/comments?post=1178"}],"version-history":[{"count":9,"href":"http:\/\/www.entelco.com.br\/blog\/wp-json\/wp\/v2\/posts\/1178\/revisions"}],"predecessor-version":[{"id":1183,"href":"http:\/\/www.entelco.com.br\/blog\/wp-json\/wp\/v2\/posts\/1178\/revisions\/1183"}],"wp:attachment":[{"href":"http:\/\/www.entelco.com.br\/blog\/wp-json\/wp\/v2\/media?parent=1178"}],"wp:term":[{"taxonomy":"category","embeddable":true,"href":"http:\/\/www.entelco.com.br\/blog\/wp-json\/wp\/v2\/categories?post=1178"},{"taxonomy":"post_tag","embeddable":true,"href":"http:\/\/www.entelco.com.br\/blog\/wp-json\/wp\/v2\/tags?post=1178"}],"curies":[{"name":"wp","href":"https:\/\/api.w.org\/{rel}","templated":true}]}}